{"id":2359,"date":"2026-01-05T16:35:09","date_gmt":"2026-01-05T15:35:09","guid":{"rendered":"https:\/\/radiovolume7.com\/?p=2359"},"modified":"2026-01-05T16:53:33","modified_gmt":"2026-01-05T15:53:33","slug":"le-monde-a-la-derive-quand-la-loi-du-plus-fort-remplace-la-morale-et-le-droit","status":"publish","type":"post","link":"https:\/\/radiovolume7.com\/?p=2359","title":{"rendered":"LE MONDE \u00c0 LA D\u00c9RIVE : QUAND LA LOI DU PLUS FORT REMPLACE LA MORALE ET LE DROIT"},"content":{"rendered":"\n<p><strong>Un monde bipolaire sous haute tension <\/strong><\/p>\n\n\n\n<p>Le monde contemporain semble avoir bascul\u00e9 dans une nouvelle \u00e8re de confrontation. Un monde dit \u00ab bipolaire \u00bb, domin\u00e9 par des blocs de puissance qui ne se cachent plus derri\u00e8re le langage diplomatique, mais imposent d\u00e9sormais leurs int\u00e9r\u00eats par la pression \u00e9conomique, politique et militaire. Dans ce contexte, la morale internationale s\u2019effrite, les lois deviennent relatives, et la souverainet\u00e9 des nations les plus fragiles est ouvertement remise en question. <\/p>\n\n\n\n<p>Les r\u00e9cents \u00e9v\u00e9nements en Am\u00e9rique latine illustrent parfaitement cette dynamique. Apr\u00e8s des d\u00e9cennies de pression sur le Venezuela, certains discours politiques am\u00e9ricains laissent d\u00e9sormais entendre que Cuba pourrait \u00eatre la prochaine cible strat\u00e9gique. L\u2019\u00eele, d\u00e9j\u00e0 affaiblie par un embargo \u00e9conomique historique, est pr\u00e9sent\u00e9e comme un \u00c9tat \u00ab en \u00e9chec \u00bb, justifiant ainsi une intensification des sanctions et une ing\u00e9rence accrue. <\/p>\n\n\n\n<p><strong>Cuba apr\u00e8s le Venezuela : une strat\u00e9gie de domination assum\u00e9e <\/strong><\/p>\n\n\n\n<p>Depuis la r\u00e9volution cubaine de 1959, les relations entre Cuba et les \u00c9tats-Unis sont marqu\u00e9es par une hostilit\u00e9 constante. L\u2019embargo, maintenu pendant plus de soixante ans, a lourdement pes\u00e9 sur l\u2019\u00e9conomie et la population. Aujourd\u2019hui, le discours change peu : la crise interne est utilis\u00e9e comme argument pour l\u00e9gitimer une pression encore plus forte, laissant planer l\u2019id\u00e9e d\u2019une \u00ab reprise en main \u00bb de l\u2019\u00eele. <\/p>\n\n\n\n<p>Cette logique s\u2019inscrit dans une strat\u00e9gie plus large : affaiblir, isoler, puis remodeler les \u00c9tats jug\u00e9s non align\u00e9s. Le Venezuela a servi d\u2019exemple, Cuba pourrait suivre. Ce sch\u00e9ma r\u00e9v\u00e8le une r\u00e9alit\u00e9 inqui\u00e9tante : le droit international n\u2019est plus un garde-fou, mais une variable ajustable selon les int\u00e9r\u00eats des grandes puissances. <\/p>\n\n\n\n<p><strong>La fin de la morale politique <\/strong><\/p>\n\n\n\n<p>Nous vivons dans un monde o\u00f9 la morale politique semble avoir disparu. Les dirigeants se permettent ce qui, hier encore, aurait \u00e9t\u00e9 condamn\u00e9 sans ambigu\u00eft\u00e9. Les principes de justice, de souverainet\u00e9 et de respect des peuples sont invoqu\u00e9s lorsqu\u2019ils servent un camp, puis ignor\u00e9s lorsqu\u2019ils deviennent contraignants. <\/p>\n\n\n\n<p>La loi, cens\u00e9e \u00eatre universelle, s\u2019applique d\u00e9sormais de mani\u00e8re s\u00e9lective. Les puissants y \u00e9chappent, les faibles la subissent. La v\u00e9ritable r\u00e8gle devient celle du plus fort : celui qui contr\u00f4le l\u2019\u00e9conomie mondiale, les m\u00e9dias et la force militaire impose sa vision, souvent au d\u00e9triment des populations civiles. <\/p>\n\n\n\n<p><strong>Peut-on encore faire confiance aux \u00e9lites ? <\/strong><\/p>\n\n\n\n<p>Face \u00e0 cette r\u00e9alit\u00e9, une question fondamentale s\u2019impose : devons-nous encore faire confiance \u00e0 nos \u00e9lites politiques et \u00e9conomiques ? Lorsqu\u2019elles pr\u00eachent la d\u00e9mocratie tout en soutenant des sanctions qui affament des peuples, lorsqu\u2019elles parlent de paix tout en alimentant des conflits, la cr\u00e9dibilit\u00e9 s\u2019effondre. <\/p>\n\n\n\n<p>La politique, autrefois con\u00e7ue comme un outil au service du bien commun, est devenue pour beaucoup un instrument de domination et de contr\u00f4le. Les d\u00e9cisions majeures se prennent loin des citoyens, sans consultation r\u00e9elle, tandis que les cons\u00e9quences crises, migrations, instabilit\u00e9 sont support\u00e9es par les peuples. <\/p>\n\n\n\n<p><strong>Vers quel avenir allons-nous ? <\/strong><\/p>\n\n\n\n<p>Si le monde continue sur cette voie, l\u2019avenir s\u2019annonce sombre. Un syst\u00e8me fond\u00e9 sur la force plut\u00f4t que sur le droit m\u00e8ne in\u00e9vitablement \u00e0 des conflits permanents. Sans \u00e9thique, sans responsabilit\u00e9 et sans justice \u00e9quitable, aucune stabilit\u00e9 durable n\u2019est possible. <\/p>\n\n\n\n<p>La seule issue r\u00e9side dans une prise de conscience collective : exiger la transparence, refuser la normalisation de l\u2019injustice et rappeler que le pouvoir doit rendre des comptes. Sans cela, le monde bipolaire d\u2019aujourd\u2019hui risque de devenir le chaos multipolaire de demain.<\/p>\n\n\n\n<p><strong>Un monde bipolaire domin\u00e9 par la force, la peur et la perte de rep\u00e8res<\/strong> <\/p>\n\n\n\n<p>Nous traversons une p\u00e9riode charni\u00e8re de l\u2019histoire mondiale, marqu\u00e9e par une reconfiguration profonde des rapports de force. Le monde actuel, souvent qualifi\u00e9 de bipolaire ou en transition vers un ordre multipolaire, ne repose plus sur des principes universels clairement respect\u00e9s, mais sur une logique brutale de puissance. La morale, le droit international et les valeurs humanistes, longtemps pr\u00e9sent\u00e9s comme les fondements de l\u2019ordre mondial, semblent aujourd\u2019hui rel\u00e9gu\u00e9s au second plan, voire instrumentalis\u00e9s selon les int\u00e9r\u00eats des plus puissants. <\/p>\n\n\n\n<p><strong>1. La loi du plus fort comme nouveau paradigme mondial<\/strong> <\/p>\n\n\n\n<p>Dans le monde dans lequel nous vivons, la loi n\u2019est plus r\u00e9ellement la m\u00eame pour tous. Officiellement, les \u00c9tats sont cens\u00e9s \u00eatre \u00e9gaux en droit, prot\u00e9g\u00e9s par des institutions internationales et des conventions cens\u00e9es garantir la paix, la souverainet\u00e9 et la dignit\u00e9 des peuples. Mais dans la pratique, ces r\u00e8gles s\u2019effacent d\u00e8s qu\u2019elles entrent en contradiction avec les int\u00e9r\u00eats strat\u00e9giques, \u00e9conomiques ou militaires des grandes puissances. <\/p>\n\n\n\n<p>La v\u00e9ritable loi devient celle du plus fort : celui qui dispose de la sup\u00e9riorit\u00e9 militaire, du contr\u00f4le financier, des m\u00e9dias internationaux et de l\u2019influence diplomatique impose sa vision du monde. Les sanctions \u00e9conomiques, les blocus, les pressions politiques et les menaces indirectes remplacent souvent la guerre ouverte, mais leurs effets sur les populations civiles sont tout aussi destructeurs. <\/p>\n\n\n\n<p><strong>2. Cuba et le Venezuela : symboles d\u2019un affrontement id\u00e9ologique persistant<\/strong> <\/p>\n\n\n\n<p>La situation de Cuba et du Venezuela illustre parfaitement cette logique. Ces deux pays, per\u00e7us comme des symboles de r\u00e9sistance \u00e0 l\u2019h\u00e9g\u00e9monie occidentale, subissent depuis des d\u00e9cennies une pression constante. Le Venezuela a \u00e9t\u00e9 asphyxi\u00e9 \u00e9conomiquement, politiquement isol\u00e9 et pr\u00e9sent\u00e9 comme un \u00c9tat failli. Aujourd\u2019hui, des signaux laissent entendre que Cuba pourrait \u00eatre la prochaine \u00e9tape de cette strat\u00e9gie. <\/p>\n\n\n\n<p>L\u2019argument avanc\u00e9 est presque toujours le m\u00eame : crise \u00e9conomique, gouvernance d\u00e9faillante, atteintes aux libert\u00e9s. Pourtant, ces crises sont souvent aggrav\u00e9es, voire provoqu\u00e9es, par des sanctions et des embargos prolong\u00e9s. Le cercle est vicieux : on affaiblit un pays, puis on utilise son affaiblissement comme justification morale pour intervenir davantage. <\/p>\n\n\n\n<p><strong>3. La disparition progressive de la morale politique<\/strong> <\/p>\n\n\n\n<p>L\u2019un des aspects les plus inqui\u00e9tants de cette situation est la disparition progressive de toute morale politique coh\u00e9rente. Les dirigeants se permettent aujourd\u2019hui ce qui, autrefois, aurait \u00e9t\u00e9 jug\u00e9 inacceptable. Les discours sur les droits de l\u2019homme, la d\u00e9mocratie et la libert\u00e9 sont utilis\u00e9s de mani\u00e8re s\u00e9lective, selon qu\u2019ils servent ou non les int\u00e9r\u00eats g\u00e9opolitiques du moment. <\/p>\n\n\n\n<p>Cette hypocrisie g\u00e9n\u00e9ralis\u00e9e mine profond\u00e9ment la confiance des peuples. Lorsqu\u2019un \u00c9tat se pr\u00e9sente comme d\u00e9fenseur de la justice tout en soutenant des politiques qui plongent des millions de personnes dans la pauvret\u00e9, le message perd toute cr\u00e9dibilit\u00e9. La morale devient un outil de communication, non un principe d\u2019action. <\/p>\n\n\n\n<p><strong>4. Les \u00e9lites face \u00e0 la crise de confiance<\/strong> <\/p>\n\n\n\n<p>Dans ce contexte, la question de la confiance envers les \u00e9lites devient centrale. Les \u00e9lites politiques, \u00e9conomiques et m\u00e9diatiques apparaissent de plus en plus d\u00e9connect\u00e9es des r\u00e9alit\u00e9s v\u00e9cues par les populations. Les d\u00e9cisions majeures sont prises dans des cercles restreints, sans consultation r\u00e9elle des peuples, alors que leurs cons\u00e9quences affectent directement la vie quotidienne de millions de personnes.<\/p>\n\n\n\n<p>Cette rupture alimente la col\u00e8re, la d\u00e9fiance et parfois le repli identitaire. Lorsque les citoyens ont le sentiment que leurs dirigeants ne servent plus l\u2019int\u00e9r\u00eat g\u00e9n\u00e9ral, mais des agendas opaques, la coh\u00e9sion sociale se fragilise dangereusement. <\/p>\n\n\n\n<p><strong>5. Un monde bipolaire instable et dangereux<\/strong> <\/p>\n\n\n\n<p>Le monde bipolaire actuel est profond\u00e9ment instable. Chaque bloc cherche \u00e0 \u00e9tendre son influence, \u00e0 s\u00e9curiser ses ressources, \u00e0 contenir ses rivaux. Cette logique de confrontation permanente augmente le risque de conflits indirects, de guerres par procuration et de crises majeures. <\/p>\n\n\n\n<p>Dans un tel syst\u00e8me, les pays les plus faibles deviennent des terrains d\u2019affrontement, des pions sacrifiables sur l\u2019\u00e9chiquier g\u00e9opolitique. Les populations civiles paient le prix fort, tandis que les d\u00e9cideurs restent souvent \u00e0 l\u2019abri des cons\u00e9quences de leurs choix. <\/p>\n\n\n\n<p><strong>6. Vers quel avenir allons-nous ?<\/strong> <\/p>\n\n\n\n<p>Si cette trajectoire se poursuit, le monde s\u2019oriente vers une \u00e8re de tensions chroniques, d\u2019instabilit\u00e9 durable et de conflits r\u00e9p\u00e9t\u00e9s. Un ordre mondial fond\u00e9 uniquement sur la force ne peut produire ni paix durable ni justice r\u00e9elle. L\u2019histoire a d\u00e9j\u00e0 montr\u00e9 que la domination sans morale finit toujours par engendrer des ruptures violentes. <\/p>\n\n\n\n<p><strong>Une urgence morale et collective<\/strong> <\/p>\n\n\n\n<p>La situation actuelle impose une r\u00e9flexion profonde et urgente. Le monde ne peut pas survivre durablement dans un syst\u00e8me o\u00f9 la loi du plus fort remplace le droit, o\u00f9 la morale est sacrifi\u00e9e au profit des int\u00e9r\u00eats, et o\u00f9 les peuples sont r\u00e9duits au r\u00f4le de victimes collat\u00e9rales. <\/p>\n\n\n\n<p>Faire confiance aveugl\u00e9ment aux \u00e9lites n\u2019est plus suffisant. Il devient n\u00e9cessaire d\u2019exiger des comptes, de d\u00e9fendre une \u00e9thique politique r\u00e9elle et de rappeler que le pouvoir n\u2019a de l\u00e9gitimit\u00e9 que s\u2019il sert les peuples et respecte leur dignit\u00e9. Sans ce sursaut moral et collectif, le monde bipolaire d\u2019aujourd\u2019hui risque de basculer dans un chaos global dont personne ne sortira vainqueur.<\/p>\n\n\n<div class=\"wp-block-post-author\"><div class=\"wp-block-post-author__avatar\"><img  title=\"\"  alt=\"7c5e5078f8861520ef3df1ccf8400814a2675ee2e617efab58921c4972166788?s=48&#038;d=mm&#038;r=g LE MONDE \u00c0 LA D\u00c9RIVE : QUAND LA LOI DU PLUS FORT REMPLACE LA MORALE ET LE DROIT\" alt='' src='https:\/\/secure.gravatar.com\/avatar\/7c5e5078f8861520ef3df1ccf8400814a2675ee2e617efab58921c4972166788?s=48&#038;d=mm&#038;r=g' srcset='https:\/\/secure.gravatar.com\/avatar\/7c5e5078f8861520ef3df1ccf8400814a2675ee2e617efab58921c4972166788?s=96&#038;d=mm&#038;r=g 2x' class='avatar avatar-48 photo' height='48' width='48' \/><\/div><div class=\"wp-block-post-author__content\"><p class=\"wp-block-post-author__name\">RV7<\/p><\/div><\/div>\n\n<div class=\"wp-block-image\">\n<figure class=\"aligncenter size-full is-resized\"><img  title=\"\" loading=\"lazy\" decoding=\"async\" width=\"780\" height=\"230\" src=\"http:\/\/radiovolume7.com\/wp-content\/uploads\/2023\/12\/000007Ba-2nderoleOriginaleRV7Mix-000.jpg\"  alt=\"000007Ba-2nderoleOriginaleRV7Mix-000 LE MONDE \u00c0 LA D\u00c9RIVE : QUAND LA LOI DU PLUS FORT REMPLACE LA MORALE ET LE DROIT\"  class=\"wp-image-1050\" style=\"width:840px;height:auto\" srcset=\"https:\/\/radiovolume7.com\/wp-content\/uploads\/2023\/12\/000007Ba-2nderoleOriginaleRV7Mix-000.jpg 780w, https:\/\/radiovolume7.com\/wp-content\/uploads\/2023\/12\/000007Ba-2nderoleOriginaleRV7Mix-000-300x88.jpg 300w, https:\/\/radiovolume7.com\/wp-content\/uploads\/2023\/12\/000007Ba-2nderoleOriginaleRV7Mix-000-768x226.jpg 768w\" sizes=\"auto, (max-width: 780px) 100vw, 780px\" \/><\/figure>\n<\/div>\n\n<div class=\"wp-block-ub-social-share\" id=\"ub-social-share-c08adedc-1259-4ef1-bff5-2580a682dafc\">\n\t\t\t<div class=\"social-share-icons align-icons-center orientation-icons-row\"><a aria-label=\"facebook-logo\" target=\"_blank\" rel=\"nofollow\" href=\"https:\/\/www.facebook.com\/sharer\/sharer.php?u=https%3A%2F%2Fradiovolume7.com%2F%3Fp%3D2359&amp;title=LE%20MONDE%20%C3%80%20LA%20D%C3%89RIVE%20%3A%20QUAND%20LA%20LOI%20DU%20PLUS%20FORT%20REMPLACE%20LA%20MORALE%20ET%20LE%20DROIT\" class=\"ub-social-share-facebook-container\" style=\"border-color: #1877f2; background-color: transparent; box-shadow: none; \">\n\t\t\t\t<span class=\"social-share-icon ub-social-share-facebook\" style=\"width: 30px; height: 30px; \"><svg xmlns=\"http:\/\/www.w3.org\/2000\/svg\" style=\"fill:#1877f2\" fill=\"#1877f2\" width=\"20\" height=\"20\" viewbox=\"0 0 264 512\"><path d=\"M76.7 512V283H0v-91h76.7v-71.7C76.7 42.4 124.3 0 193.8 0c33.3 0 61.9 2.5 70.2 3.6V85h-48.2c-37.8 0-45.1 18-45.1 44.3V192H256l-11.7 91h-73.6v229\"><\/path><\/svg><\/span><span style=\"\">share<\/span>\n\t\t\t<\/a><a aria-label=\"twitter-logo\" target=\"_blank\" rel=\"nofollow\" href=\"http:\/\/twitter.com\/intent\/tweet?url=https%3A%2F%2Fradiovolume7.com%2F%3Fp%3D2359&amp;text=LE%20MONDE%20%C3%80%20LA%20D%C3%89RIVE%20%3A%20QUAND%20LA%20LOI%20DU%20PLUS%20FORT%20REMPLACE%20LA%20MORALE%20ET%20LE%20DROIT\" class=\"ub-social-share-twitter-container\" style=\"border-color: #1d9bf0; background-color: transparent; box-shadow: none; \">\n\t\t\t\t<span class=\"social-share-icon ub-social-share-twitter\" style=\"width: 30px; height: 30px; \"><svg xmlns=\"http:\/\/www.w3.org\/2000\/svg\" style=\"color:#1d9BF0\" fill=\"#1d9BF0\" width=\"20\" height=\"20\" viewbox=\"0 0 24 24\"><path d=\"M18.901 1.153h3.68l-8.04 9.19L24 22.846h-7.406l-5.8-7.584l-6.638 7.584H.474l8.6-9.83L0 1.154h7.594l5.243 6.932ZM17.61 20.644h2.039L6.486 3.24H4.298Z\"><\/path><\/svg><\/span><span style=\"\">tweet<\/span>\n\t\t\t<\/a><a aria-label=\"linkedin-logo\" target=\"_blank\" rel=\"nofollow\" href=\"https:\/\/www.linkedin.com\/sharing\/share-offsite\/?url=https%3A%2F%2Fradiovolume7.com%2F%3Fp%3D2359\" class=\"ub-social-share-linkedin-container\" style=\"border-color: #2867b2; background-color: transparent; box-shadow: none; \">\n\t\t\t\t<span class=\"social-share-icon ub-social-share-linkedin\" style=\"width: 30px; height: 30px; \"><svg xmlns=\"http:\/\/www.w3.org\/2000\/svg\" style=\"fill:#2867b2\" fill=\"#2867b2\" width=\"20\" height=\"20\" viewbox=\"0 0 448 512\"><path d=\"M100.3 480H7.4V180.9h92.9V480zM53.8 140.1C24.1 140.1 0 115.5 0 85.8 0 56.1 24.1 32 53.8 32c29.7 0 53.8 24.1 53.8 53.8 0 29.7-24.1 54.3-53.8 54.3zM448 480h-92.7V334.4c0-34.7-.7-79.2-48.3-79.2-48.3 0-55.7 37.7-55.7 76.7V480h-92.8V180.9h89.1v40.8h1.3c12.4-23.5 42.7-48.3 87.9-48.3 94 0 111.3 61.9 111.3 142.3V480z\"><\/path><\/svg><\/span><span style=\"\">share<\/span>\n\t\t\t<\/a><a aria-label=\"pinterest-logo\" target=\"_blank\" rel=\"nofollow\" href=\"https:\/\/pinterest.com\/pin\/create\/button\/?&amp;url=https%3A%2F%2Fradiovolume7.com%2F%3Fp%3D2359&amp;description=LE%20MONDE%20%C3%80%20LA%20D%C3%89RIVE%20%3A%20QUAND%20LA%20LOI%20DU%20PLUS%20FORT%20REMPLACE%20LA%20MORALE%20ET%20LE%20DROIT&amp;media=https:\/\/radiovolume7.com\/wp-content\/uploads\/2026\/01\/Un-monde-bipolaire-sous-haute-tension-com-1024x683.jpg\" class=\"ub-social-share-pinterest-container\" style=\"border-color: #e60023; background-color: transparent; box-shadow: none; \">\n\t\t\t\t<span class=\"social-share-icon ub-social-share-pinterest\" style=\"width: 30px; height: 30px; \"><svg xmlns=\"http:\/\/www.w3.org\/2000\/svg\" style=\"fill:#e60023\" fill=\"#e60023\" width=\"20\" height=\"20\" viewbox=\"0 0 384 512\"><path d=\"M204 6.5C101.4 6.5 0 74.9 0 185.6 0 256 39.6 296 63.6 296c9.9 0 15.6-27.6 15.6-35.4 0-9.3-23.7-29.1-23.7-67.8 0-80.4 61.2-137.4 140.4-137.4 68.1 0 118.5 38.7 118.5 109.8 0 53.1-21.3 152.7-90.3 152.7-24.9 0-46.2-18-46.2-43.8 0-37.8 26.4-74.4 26.4-113.4 0-66.2-93.9-54.2-93.9 25.8 0 16.8 2.1 35.4 9.6 50.7-13.8 59.4-42 147.9-42 209.1 0 18.9 2.7 37.5 4.5 56.4 3.4 3.8 1.7 3.4 6.9 1.5 50.4-69 48.6-82.5 71.4-172.8 12.3 23.4 44.1 36 69.3 36 106.2 0 153.9-103.5 153.9-196.8C384 71.3 298.2 6.5 204 6.5z\"><\/path><\/svg><\/span><span style=\"\">pin<\/span>\n\t\t\t<\/a><a aria-label=\"reddit-logo\" target=\"_blank\" rel=\"nofollow\" href=\"http:\/\/www.reddit.com\/submit?url=https%3A%2F%2Fradiovolume7.com%2F%3Fp%3D2359&amp;title=LE%20MONDE%20%C3%80%20LA%20D%C3%89RIVE%20%3A%20QUAND%20LA%20LOI%20DU%20PLUS%20FORT%20REMPLACE%20LA%20MORALE%20ET%20LE%20DROIT\" class=\"ub-social-share-reddit-container\" style=\"border-color: #ff4500; background-color: transparent; box-shadow: none; \">\n\t\t\t\t<span class=\"social-share-icon ub-social-share-reddit\" style=\"width: 30px; height: 30px; \"><svg xmlns=\"http:\/\/www.w3.org\/2000\/svg\" style=\"fill:#ff4500\" fill=\"#ff4500\" width=\"20\" height=\"20\" viewbox=\"0 0 512 512\"><path d=\"M440.3 203.5c-15 0-28.2 6.2-37.9 15.9-35.7-24.7-83.8-40.6-137.1-42.3L293 52.3l88.2 19.8c0 21.6 17.6 39.2 39.2 39.2 22 0 39.7-18.1 39.7-39.7s-17.6-39.7-39.7-39.7c-15.4 0-28.7 9.3-35.3 22l-97.4-21.6c-4.9-1.3-9.7 2.2-11 7.1L246.3 177c-52.9 2.2-100.5 18.1-136.3 42.8-9.7-10.1-23.4-16.3-38.4-16.3-55.6 0-73.8 74.6-22.9 100.1-1.8 7.9-2.6 16.3-2.6 24.7 0 83.8 94.4 151.7 210.3 151.7 116.4 0 210.8-67.9 210.8-151.7 0-8.4-.9-17.2-3.1-25.1 49.9-25.6 31.5-99.7-23.8-99.7zM129.4 308.9c0-22 17.6-39.7 39.7-39.7 21.6 0 39.2 17.6 39.2 39.7 0 21.6-17.6 39.2-39.2 39.2-22 .1-39.7-17.6-39.7-39.2zm214.3 93.5c-36.4 36.4-139.1 36.4-175.5 0-4-3.5-4-9.7 0-13.7 3.5-3.5 9.7-3.5 13.2 0 27.8 28.5 120 29 149 0 3.5-3.5 9.7-3.5 13.2 0 4.1 4 4.1 10.2.1 13.7zm-.8-54.2c-21.6 0-39.2-17.6-39.2-39.2 0-22 17.6-39.7 39.2-39.7 22 0 39.7 17.6 39.7 39.7-.1 21.5-17.7 39.2-39.7 39.2z\"><\/path><\/svg><\/span><span style=\"\">post<\/span>\n\t\t\t<\/a><a aria-label=\"tumblr-logo\" target=\"_blank\" rel=\"nofollow\" href=\"https:\/\/www.tumblr.com\/widgets\/share\/tool?canonicalUrl=https%3A%2F%2Fradiovolume7.com%2F%3Fp%3D2359&amp;title=LE%20MONDE%20%C3%80%20LA%20D%C3%89RIVE%20%3A%20QUAND%20LA%20LOI%20DU%20PLUS%20FORT%20REMPLACE%20LA%20MORALE%20ET%20LE%20DROIT\" class=\"ub-social-share-tumblr-container\" style=\"border-color: #001935; background-color: transparent; box-shadow: none; \">\n\t\t\t\t<span class=\"social-share-icon ub-social-share-tumblr\" style=\"width: 30px; height: 30px; \"><svg xmlns=\"http:\/\/www.w3.org\/2000\/svg\" style=\"fill:#001935\" fill=\"#001935\" width=\"20\" height=\"20\" viewbox=\"0 0 320 512\"><path d=\"M309.8 480.3c-13.6 14.5-50 31.7-97.4 31.7-120.8 0-147-88.8-147-140.6v-144H17.9c-5.5 0-10-4.5-10-10v-68c0-7.2 4.5-13.6 11.3-16 62-21.8 81.5-76 84.3-117.1.8-11 6.5-16.3 16.1-16.3h70.9c5.5 0 10 4.5 10 10v115.2h83c5.5 0 10 4.4 10 9.9v81.7c0 5.5-4.5 10-10 10h-83.4V360c0 34.2 23.7 53.6 68 35.8 4.8-1.9 9-3.2 12.7-2.2 3.5.9 5.8 3.4 7.4 7.9l22 64.3c1.8 5 3.3 10.6-.4 14.5z\"><\/path><\/svg><\/span><span style=\"\">share<\/span>\n\t\t\t<\/a><\/div>\n\t\t<\/div>\n\n\n<p><\/p>\n","protected":false},"excerpt":{"rendered":"<p>Un monde bipolaire sous haute tension Le monde contemporain semble avoir bascul\u00e9 dans une nouvelle \u00e8re de confrontation. Un monde dit \u00ab bipolaire \u00bb, domin\u00e9 par des blocs de puissance qui ne se cachent plus derri\u00e8re le langage diplomatique, mais imposent d\u00e9sormais leurs int\u00e9r\u00eats par la pression \u00e9conomique, politique et militaire. Dans ce contexte, la [&hellip;]<\/p>\n","protected":false},"author":1,"featured_media":2360,"comment_status":"open","ping_status":"open","sticky":false,"template":"","format":"standard","meta":{"fifu_image_url":"","fifu_image_alt":"","footnotes":""},"categories":[34,6,19,12,29,3],"tags":[],"class_list":["post-2359","post","type-post","status-publish","format-standard","has-post-thumbnail","hentry","category-amerique","category-economie","category-fait-divers","category-internationale","category-justice","category-societe"],"featured_image_src":"https:\/\/radiovolume7.com\/wp-content\/uploads\/2026\/01\/Un-monde-bipolaire-sous-haute-tension-com.jpg","author_info":{"display_name":"RV7","author_link":"https:\/\/radiovolume7.com\/?author=1"},"yoast_head":"<!-- This site is optimized with the Yoast SEO plugin v27.5 - https:\/\/yoast.com\/product\/yoast-seo-wordpress\/ -->\n<title>LE MONDE \u00c0 LA D\u00c9RIVE : QUAND LA LOI DU PLUS FORT REMPLACE LA MORALE ET LE DROIT - RADIO VOLUME 7<\/title>\n<meta name=\"description\" content=\"Les r\u00e9cents \u00e9v\u00e9nements en Am\u00e9rique latine illustrent parfaitement cette dynamique. Apr\u00e8s des d\u00e9cennies de pression sur le Venezuela, certains discours politiques am\u00e9ricains laissent d\u00e9sormais entendre que Cuba pourrait \u00eatre la prochaine cible strat\u00e9gique.\" \/>\n<meta name=\"robots\" content=\"index, follow, max-snippet:-1, max-image-preview:large, max-video-preview:-1\" \/>\n<link rel=\"canonical\" href=\"https:\/\/radiovolume7.com\/?p=2359\" \/>\n<meta property=\"og:locale\" content=\"fr_FR\" \/>\n<meta property=\"og:type\" content=\"article\" \/>\n<meta property=\"og:title\" content=\"LE MONDE \u00c0 LA D\u00c9RIVE : QUAND LA LOI DU PLUS FORT REMPLACE LA MORALE ET LE DROIT\" \/>\n<meta property=\"og:description\" content=\"Les r\u00e9cents \u00e9v\u00e9nements en Am\u00e9rique latine illustrent parfaitement cette dynamique. Apr\u00e8s des d\u00e9cennies de pression sur le Venezuela, certains discours politiques am\u00e9ricains laissent d\u00e9sormais entendre que Cuba pourrait \u00eatre la prochaine cible strat\u00e9gique.\" \/>\n<meta property=\"og:url\" content=\"https:\/\/radiovolume7.com\/?p=2359\" \/>\n<meta property=\"og:site_name\" content=\"RADIO VOLUME 7\" \/>\n<meta property=\"article:publisher\" content=\"https:\/\/www.facebook.com\/rv7news.sat\" \/>\n<meta property=\"article:published_time\" content=\"2026-01-05T15:35:09+00:00\" \/>\n<meta property=\"article:modified_time\" content=\"2026-01-05T15:53:33+00:00\" \/>\n<meta property=\"og:image\" content=\"https:\/\/radiovolume7.com\/wp-content\/uploads\/2026\/01\/Un-monde-bipolaire-sous-haute-tension-com.jpg\" \/>\n\t<meta property=\"og:image:width\" content=\"1536\" \/>\n\t<meta property=\"og:image:height\" content=\"1024\" \/>\n\t<meta property=\"og:image:type\" content=\"image\/jpeg\" \/>\n<meta name=\"author\" content=\"RV7\" \/>\n<meta name=\"twitter:card\" content=\"summary_large_image\" \/>\n<meta name=\"twitter:title\" content=\"LE MONDE \u00c0 LA D\u00c9RIVE : QUAND LA LOI DU PLUS FORT REMPLACE LA MORALE ET LE DROIT\" \/>\n<meta name=\"twitter:description\" content=\"Les r\u00e9cents \u00e9v\u00e9nements en Am\u00e9rique latine illustrent parfaitement cette dynamique. Apr\u00e8s des d\u00e9cennies de pression sur le Venezuela, certains discours politiques am\u00e9ricains laissent d\u00e9sormais entendre que Cuba pourrait \u00eatre la prochaine cible strat\u00e9gique.\" \/>\n<meta name=\"twitter:image\" content=\"https:\/\/radiovolume7.com\/wp-content\/uploads\/2026\/01\/Un-monde-bipolaire-sous-haute-tension-com.jpg\" \/>\n<meta name=\"twitter:creator\" content=\"@rv7_news\" \/>\n<meta name=\"twitter:site\" content=\"@rv7_news\" \/>\n<meta name=\"twitter:label1\" content=\"\u00c9crit par\" \/>\n\t<meta name=\"twitter:data1\" content=\"RV7\" \/>\n\t<meta name=\"twitter:label2\" content=\"Dur\u00e9e de lecture estim\u00e9e\" \/>\n\t<meta name=\"twitter:data2\" content=\"8 minutes\" \/>\n<script type=\"application\/ld+json\" class=\"yoast-schema-graph\">{\"@context\":\"https:\\\/\\\/schema.org\",\"@graph\":[{\"@type\":\"Article\",\"@id\":\"https:\\\/\\\/radiovolume7.com\\\/?p=2359#article\",\"isPartOf\":{\"@id\":\"https:\\\/\\\/radiovolume7.com\\\/?p=2359\"},\"author\":{\"name\":\"RV7\",\"@id\":\"http:\\\/\\\/radiovolume7.com\\\/#\\\/schema\\\/person\\\/dd927c4c572fe24bc1b6739dc61c4e78\"},\"headline\":\"LE MONDE \u00c0 LA D\u00c9RIVE : QUAND LA LOI DU PLUS FORT REMPLACE LA MORALE ET LE DROIT\",\"datePublished\":\"2026-01-05T15:35:09+00:00\",\"dateModified\":\"2026-01-05T15:53:33+00:00\",\"mainEntityOfPage\":{\"@id\":\"https:\\\/\\\/radiovolume7.com\\\/?p=2359\"},\"wordCount\":1560,\"commentCount\":0,\"publisher\":{\"@id\":\"http:\\\/\\\/radiovolume7.com\\\/#organization\"},\"image\":{\"@id\":\"https:\\\/\\\/radiovolume7.com\\\/?p=2359#primaryimage\"},\"thumbnailUrl\":\"https:\\\/\\\/radiovolume7.com\\\/wp-content\\\/uploads\\\/2026\\\/01\\\/Un-monde-bipolaire-sous-haute-tension-com.jpg\",\"articleSection\":[\"Am\u00e9rique\",\"\u00c9conomie\",\"Fait divers\",\"Internationale\",\"Justice\",\"Soci\u00e9t\u00e9\"],\"inLanguage\":\"fr-FR\",\"potentialAction\":[{\"@type\":\"CommentAction\",\"name\":\"Comment\",\"target\":[\"https:\\\/\\\/radiovolume7.com\\\/?p=2359#respond\"]}]},{\"@type\":\"WebPage\",\"@id\":\"https:\\\/\\\/radiovolume7.com\\\/?p=2359\",\"url\":\"https:\\\/\\\/radiovolume7.com\\\/?p=2359\",\"name\":\"LE MONDE \u00c0 LA D\u00c9RIVE : QUAND LA LOI DU PLUS FORT REMPLACE LA MORALE ET LE DROIT - RADIO VOLUME 7\",\"isPartOf\":{\"@id\":\"http:\\\/\\\/radiovolume7.com\\\/#website\"},\"primaryImageOfPage\":{\"@id\":\"https:\\\/\\\/radiovolume7.com\\\/?p=2359#primaryimage\"},\"image\":{\"@id\":\"https:\\\/\\\/radiovolume7.com\\\/?p=2359#primaryimage\"},\"thumbnailUrl\":\"https:\\\/\\\/radiovolume7.com\\\/wp-content\\\/uploads\\\/2026\\\/01\\\/Un-monde-bipolaire-sous-haute-tension-com.jpg\",\"datePublished\":\"2026-01-05T15:35:09+00:00\",\"dateModified\":\"2026-01-05T15:53:33+00:00\",\"description\":\"Les r\u00e9cents \u00e9v\u00e9nements en Am\u00e9rique latine illustrent parfaitement cette dynamique. Apr\u00e8s des d\u00e9cennies de pression sur le Venezuela, certains discours politiques am\u00e9ricains laissent d\u00e9sormais entendre que Cuba pourrait \u00eatre la prochaine cible strat\u00e9gique.\",\"breadcrumb\":{\"@id\":\"https:\\\/\\\/radiovolume7.com\\\/?p=2359#breadcrumb\"},\"inLanguage\":\"fr-FR\",\"potentialAction\":[{\"@type\":\"ReadAction\",\"target\":[\"https:\\\/\\\/radiovolume7.com\\\/?p=2359\"]}]},{\"@type\":\"ImageObject\",\"inLanguage\":\"fr-FR\",\"@id\":\"https:\\\/\\\/radiovolume7.com\\\/?p=2359#primaryimage\",\"url\":\"https:\\\/\\\/radiovolume7.com\\\/wp-content\\\/uploads\\\/2026\\\/01\\\/Un-monde-bipolaire-sous-haute-tension-com.jpg\",\"contentUrl\":\"https:\\\/\\\/radiovolume7.com\\\/wp-content\\\/uploads\\\/2026\\\/01\\\/Un-monde-bipolaire-sous-haute-tension-com.jpg\",\"width\":1536,\"height\":1024},{\"@type\":\"BreadcrumbList\",\"@id\":\"https:\\\/\\\/radiovolume7.com\\\/?p=2359#breadcrumb\",\"itemListElement\":[{\"@type\":\"ListItem\",\"position\":1,\"name\":\"Accueil\",\"item\":\"http:\\\/\\\/radiovolume7.com\\\/\"},{\"@type\":\"ListItem\",\"position\":2,\"name\":\"LE MONDE \u00c0 LA D\u00c9RIVE : QUAND LA LOI DU PLUS FORT REMPLACE LA MORALE ET LE DROIT\"}]},{\"@type\":\"WebSite\",\"@id\":\"http:\\\/\\\/radiovolume7.com\\\/#website\",\"url\":\"http:\\\/\\\/radiovolume7.com\\\/\",\"name\":\"RADIO VOLUME 7\",\"description\":\"Le nouveau monde RV7 NEWS\",\"publisher\":{\"@id\":\"http:\\\/\\\/radiovolume7.com\\\/#organization\"},\"potentialAction\":[{\"@type\":\"SearchAction\",\"target\":{\"@type\":\"EntryPoint\",\"urlTemplate\":\"http:\\\/\\\/radiovolume7.com\\\/?s={search_term_string}\"},\"query-input\":{\"@type\":\"PropertyValueSpecification\",\"valueRequired\":true,\"valueName\":\"search_term_string\"}}],\"inLanguage\":\"fr-FR\"},{\"@type\":\"Organization\",\"@id\":\"http:\\\/\\\/radiovolume7.com\\\/#organization\",\"name\":\"RV7 NEWS\",\"url\":\"http:\\\/\\\/radiovolume7.com\\\/\",\"logo\":{\"@type\":\"ImageObject\",\"inLanguage\":\"fr-FR\",\"@id\":\"http:\\\/\\\/radiovolume7.com\\\/#\\\/schema\\\/logo\\\/image\\\/\",\"url\":\"https:\\\/\\\/radiovolume7.com\\\/wp-content\\\/uploads\\\/2024\\\/06\\\/RV7-NEWS-500x500-1.png\",\"contentUrl\":\"https:\\\/\\\/radiovolume7.com\\\/wp-content\\\/uploads\\\/2024\\\/06\\\/RV7-NEWS-500x500-1.png\",\"width\":500,\"height\":500,\"caption\":\"RV7 NEWS\"},\"image\":{\"@id\":\"http:\\\/\\\/radiovolume7.com\\\/#\\\/schema\\\/logo\\\/image\\\/\"},\"sameAs\":[\"https:\\\/\\\/www.facebook.com\\\/rv7news.sat\",\"https:\\\/\\\/x.com\\\/rv7_news\"]},{\"@type\":\"Person\",\"@id\":\"http:\\\/\\\/radiovolume7.com\\\/#\\\/schema\\\/person\\\/dd927c4c572fe24bc1b6739dc61c4e78\",\"name\":\"RV7\",\"image\":{\"@type\":\"ImageObject\",\"inLanguage\":\"fr-FR\",\"@id\":\"https:\\\/\\\/secure.gravatar.com\\\/avatar\\\/7c5e5078f8861520ef3df1ccf8400814a2675ee2e617efab58921c4972166788?s=96&d=mm&r=g\",\"url\":\"https:\\\/\\\/secure.gravatar.com\\\/avatar\\\/7c5e5078f8861520ef3df1ccf8400814a2675ee2e617efab58921c4972166788?s=96&d=mm&r=g\",\"contentUrl\":\"https:\\\/\\\/secure.gravatar.com\\\/avatar\\\/7c5e5078f8861520ef3df1ccf8400814a2675ee2e617efab58921c4972166788?s=96&d=mm&r=g\",\"caption\":\"RV7\"},\"sameAs\":[\"http:\\\/\\\/radiovolume7.com\"],\"url\":\"https:\\\/\\\/radiovolume7.com\\\/?author=1\"}]}<\/script>\n<!-- \/ Yoast SEO plugin. -->","yoast_head_json":{"title":"LE MONDE \u00c0 LA D\u00c9RIVE : QUAND LA LOI DU PLUS FORT REMPLACE LA MORALE ET LE DROIT - RADIO VOLUME 7","description":"Les r\u00e9cents \u00e9v\u00e9nements en Am\u00e9rique latine illustrent parfaitement cette dynamique. Apr\u00e8s des d\u00e9cennies de pression sur le Venezuela, certains discours politiques am\u00e9ricains laissent d\u00e9sormais entendre que Cuba pourrait \u00eatre la prochaine cible strat\u00e9gique.","robots":{"index":"index","follow":"follow","max-snippet":"max-snippet:-1","max-image-preview":"max-image-preview:large","max-video-preview":"max-video-preview:-1"},"canonical":"https:\/\/radiovolume7.com\/?p=2359","og_locale":"fr_FR","og_type":"article","og_title":"LE MONDE \u00c0 LA D\u00c9RIVE : QUAND LA LOI DU PLUS FORT REMPLACE LA MORALE ET LE DROIT","og_description":"Les r\u00e9cents \u00e9v\u00e9nements en Am\u00e9rique latine illustrent parfaitement cette dynamique. Apr\u00e8s des d\u00e9cennies de pression sur le Venezuela, certains discours politiques am\u00e9ricains laissent d\u00e9sormais entendre que Cuba pourrait \u00eatre la prochaine cible strat\u00e9gique.","og_url":"https:\/\/radiovolume7.com\/?p=2359","og_site_name":"RADIO VOLUME 7","article_publisher":"https:\/\/www.facebook.com\/rv7news.sat","article_published_time":"2026-01-05T15:35:09+00:00","article_modified_time":"2026-01-05T15:53:33+00:00","og_image":[{"width":1536,"height":1024,"url":"https:\/\/radiovolume7.com\/wp-content\/uploads\/2026\/01\/Un-monde-bipolaire-sous-haute-tension-com.jpg","type":"image\/jpeg"}],"author":"RV7","twitter_card":"summary_large_image","twitter_title":"LE MONDE \u00c0 LA D\u00c9RIVE : QUAND LA LOI DU PLUS FORT REMPLACE LA MORALE ET LE DROIT","twitter_description":"Les r\u00e9cents \u00e9v\u00e9nements en Am\u00e9rique latine illustrent parfaitement cette dynamique. Apr\u00e8s des d\u00e9cennies de pression sur le Venezuela, certains discours politiques am\u00e9ricains laissent d\u00e9sormais entendre que Cuba pourrait \u00eatre la prochaine cible strat\u00e9gique.","twitter_image":"https:\/\/radiovolume7.com\/wp-content\/uploads\/2026\/01\/Un-monde-bipolaire-sous-haute-tension-com.jpg","twitter_creator":"@rv7_news","twitter_site":"@rv7_news","twitter_misc":{"\u00c9crit par":"RV7","Dur\u00e9e de lecture estim\u00e9e":"8 minutes"},"schema":{"@context":"https:\/\/schema.org","@graph":[{"@type":"Article","@id":"https:\/\/radiovolume7.com\/?p=2359#article","isPartOf":{"@id":"https:\/\/radiovolume7.com\/?p=2359"},"author":{"name":"RV7","@id":"http:\/\/radiovolume7.com\/#\/schema\/person\/dd927c4c572fe24bc1b6739dc61c4e78"},"headline":"LE MONDE \u00c0 LA D\u00c9RIVE : QUAND LA LOI DU PLUS FORT REMPLACE LA MORALE ET LE DROIT","datePublished":"2026-01-05T15:35:09+00:00","dateModified":"2026-01-05T15:53:33+00:00","mainEntityOfPage":{"@id":"https:\/\/radiovolume7.com\/?p=2359"},"wordCount":1560,"commentCount":0,"publisher":{"@id":"http:\/\/radiovolume7.com\/#organization"},"image":{"@id":"https:\/\/radiovolume7.com\/?p=2359#primaryimage"},"thumbnailUrl":"https:\/\/radiovolume7.com\/wp-content\/uploads\/2026\/01\/Un-monde-bipolaire-sous-haute-tension-com.jpg","articleSection":["Am\u00e9rique","\u00c9conomie","Fait divers","Internationale","Justice","Soci\u00e9t\u00e9"],"inLanguage":"fr-FR","potentialAction":[{"@type":"CommentAction","name":"Comment","target":["https:\/\/radiovolume7.com\/?p=2359#respond"]}]},{"@type":"WebPage","@id":"https:\/\/radiovolume7.com\/?p=2359","url":"https:\/\/radiovolume7.com\/?p=2359","name":"LE MONDE \u00c0 LA D\u00c9RIVE : QUAND LA LOI DU PLUS FORT REMPLACE LA MORALE ET LE DROIT - RADIO VOLUME 7","isPartOf":{"@id":"http:\/\/radiovolume7.com\/#website"},"primaryImageOfPage":{"@id":"https:\/\/radiovolume7.com\/?p=2359#primaryimage"},"image":{"@id":"https:\/\/radiovolume7.com\/?p=2359#primaryimage"},"thumbnailUrl":"https:\/\/radiovolume7.com\/wp-content\/uploads\/2026\/01\/Un-monde-bipolaire-sous-haute-tension-com.jpg","datePublished":"2026-01-05T15:35:09+00:00","dateModified":"2026-01-05T15:53:33+00:00","description":"Les r\u00e9cents \u00e9v\u00e9nements en Am\u00e9rique latine illustrent parfaitement cette dynamique. Apr\u00e8s des d\u00e9cennies de pression sur le Venezuela, certains discours politiques am\u00e9ricains laissent d\u00e9sormais entendre que Cuba pourrait \u00eatre la prochaine cible strat\u00e9gique.","breadcrumb":{"@id":"https:\/\/radiovolume7.com\/?p=2359#breadcrumb"},"inLanguage":"fr-FR","potentialAction":[{"@type":"ReadAction","target":["https:\/\/radiovolume7.com\/?p=2359"]}]},{"@type":"ImageObject","inLanguage":"fr-FR","@id":"https:\/\/radiovolume7.com\/?p=2359#primaryimage","url":"https:\/\/radiovolume7.com\/wp-content\/uploads\/2026\/01\/Un-monde-bipolaire-sous-haute-tension-com.jpg","contentUrl":"https:\/\/radiovolume7.com\/wp-content\/uploads\/2026\/01\/Un-monde-bipolaire-sous-haute-tension-com.jpg","width":1536,"height":1024},{"@type":"BreadcrumbList","@id":"https:\/\/radiovolume7.com\/?p=2359#breadcrumb","itemListElement":[{"@type":"ListItem","position":1,"name":"Accueil","item":"http:\/\/radiovolume7.com\/"},{"@type":"ListItem","position":2,"name":"LE MONDE \u00c0 LA D\u00c9RIVE : QUAND LA LOI DU PLUS FORT REMPLACE LA MORALE ET LE DROIT"}]},{"@type":"WebSite","@id":"http:\/\/radiovolume7.com\/#website","url":"http:\/\/radiovolume7.com\/","name":"RADIO VOLUME 7","description":"Le nouveau monde RV7 NEWS","publisher":{"@id":"http:\/\/radiovolume7.com\/#organization"},"potentialAction":[{"@type":"SearchAction","target":{"@type":"EntryPoint","urlTemplate":"http:\/\/radiovolume7.com\/?s={search_term_string}"},"query-input":{"@type":"PropertyValueSpecification","valueRequired":true,"valueName":"search_term_string"}}],"inLanguage":"fr-FR"},{"@type":"Organization","@id":"http:\/\/radiovolume7.com\/#organization","name":"RV7 NEWS","url":"http:\/\/radiovolume7.com\/","logo":{"@type":"ImageObject","inLanguage":"fr-FR","@id":"http:\/\/radiovolume7.com\/#\/schema\/logo\/image\/","url":"https:\/\/radiovolume7.com\/wp-content\/uploads\/2024\/06\/RV7-NEWS-500x500-1.png","contentUrl":"https:\/\/radiovolume7.com\/wp-content\/uploads\/2024\/06\/RV7-NEWS-500x500-1.png","width":500,"height":500,"caption":"RV7 NEWS"},"image":{"@id":"http:\/\/radiovolume7.com\/#\/schema\/logo\/image\/"},"sameAs":["https:\/\/www.facebook.com\/rv7news.sat","https:\/\/x.com\/rv7_news"]},{"@type":"Person","@id":"http:\/\/radiovolume7.com\/#\/schema\/person\/dd927c4c572fe24bc1b6739dc61c4e78","name":"RV7","image":{"@type":"ImageObject","inLanguage":"fr-FR","@id":"https:\/\/secure.gravatar.com\/avatar\/7c5e5078f8861520ef3df1ccf8400814a2675ee2e617efab58921c4972166788?s=96&d=mm&r=g","url":"https:\/\/secure.gravatar.com\/avatar\/7c5e5078f8861520ef3df1ccf8400814a2675ee2e617efab58921c4972166788?s=96&d=mm&r=g","contentUrl":"https:\/\/secure.gravatar.com\/avatar\/7c5e5078f8861520ef3df1ccf8400814a2675ee2e617efab58921c4972166788?s=96&d=mm&r=g","caption":"RV7"},"sameAs":["http:\/\/radiovolume7.com"],"url":"https:\/\/radiovolume7.com\/?author=1"}]}},"_links":{"self":[{"href":"https:\/\/radiovolume7.com\/index.php?rest_route=\/wp\/v2\/posts\/2359","targetHints":{"allow":["GET"]}}],"collection":[{"href":"https:\/\/radiovolume7.com\/index.php?rest_route=\/wp\/v2\/posts"}],"about":[{"href":"https:\/\/radiovolume7.com\/index.php?rest_route=\/wp\/v2\/types\/post"}],"author":[{"embeddable":true,"href":"https:\/\/radiovolume7.com\/index.php?rest_route=\/wp\/v2\/users\/1"}],"replies":[{"embeddable":true,"href":"https:\/\/radiovolume7.com\/index.php?rest_route=%2Fwp%2Fv2%2Fcomments&post=2359"}],"version-history":[{"count":2,"href":"https:\/\/radiovolume7.com\/index.php?rest_route=\/wp\/v2\/posts\/2359\/revisions"}],"predecessor-version":[{"id":2362,"href":"https:\/\/radiovolume7.com\/index.php?rest_route=\/wp\/v2\/posts\/2359\/revisions\/2362"}],"wp:featuredmedia":[{"embeddable":true,"href":"https:\/\/radiovolume7.com\/index.php?rest_route=\/wp\/v2\/media\/2360"}],"wp:attachment":[{"href":"https:\/\/radiovolume7.com\/index.php?rest_route=%2Fwp%2Fv2%2Fmedia&parent=2359"}],"wp:term":[{"taxonomy":"category","embeddable":true,"href":"https:\/\/radiovolume7.com\/index.php?rest_route=%2Fwp%2Fv2%2Fcategories&post=2359"},{"taxonomy":"post_tag","embeddable":true,"href":"https:\/\/radiovolume7.com\/index.php?rest_route=%2Fwp%2Fv2%2Ftags&post=2359"}],"curies":[{"name":"wp","href":"https:\/\/api.w.org\/{rel}","templated":true}]}}