{"id":1400,"date":"2024-04-09T13:09:48","date_gmt":"2024-04-09T11:09:48","guid":{"rendered":"https:\/\/radiovolume7.com\/?p=1400"},"modified":"2024-04-09T13:09:53","modified_gmt":"2024-04-09T11:09:53","slug":"en-negociation-avec-194-etats-membres-de-loms-dont-le-canada-le-traite-sur-les-pandemies-menace-tres-gravement-nos-droits-et-libertes","status":"publish","type":"post","link":"https:\/\/radiovolume7.com\/?p=1400","title":{"rendered":"En n\u00e9gociation avec 194 \u00c9tats membres de l\u2019OMS dont le Canada, le Trait\u00e9 sur les pand\u00e9mies menace tr\u00e8s gravement nos droits et libert\u00e9s"},"content":{"rendered":"\n<p><strong>Par Guy Boulianne<\/strong><\/p>\n\n\n\n<p>J&rsquo;avais fait part des dangers du <strong>Trait\u00e9 de l&rsquo;OMS sur les pand\u00e9mies<\/strong>\u00a0d\u00e8s le\u00a0<a href=\"https:\/\/www.guyboulianne.info\/2021\/10\/07\/renforcement-de-loms-le-nouveau-traite-international-sur-les-pandemies-le-nouvel-ordre-mondial-et-la-fin-de-la-souverainete-des-nations\">7 octobre 2021<\/a>, alors que je partageais l\u2019article du\u00a0<a href=\"https:\/\/principia-scientific.com\/pending-international-treaty-empowering-the-who\/\" target=\"_blank\" rel=\"noreferrer noopener\">Dr Urmie Ray<\/a>, publi\u00e9 \u00e0 l\u2019origine sur le site internet de\u00a0<em>Principia Scientific International<\/em>. J\u2019ai poursuivi ces avertissements \u00e0 quelques reprises, soit \u00e0 ces dates :\u00a0<a href=\"https:\/\/www.guyboulianne.info\/2022\/05\/30\/larcheveque-vigano-met-en-garde-les-nations-contre-la-prise-de-pouvoir-du-traite-pandemique-de-loms-ceder-a-la-souverainete-est-considere-comme-un-crime-de-haute-trahison\">30 mai 2022<\/a>,\u00a0<a href=\"https:\/\/www.guyboulianne.info\/2023\/05\/26\/renforcement-de-la-preparation-et-de-la-riposte-de-loms-aux-urgences-sanitaires-preparez-vous-a-une-maladie-encore-plus-meurtriere-que-covid\">26 mai 2023<\/a>,\u00a0<a href=\"https:\/\/www.guyboulianne.info\/2023\/07\/09\/des-avocats-du-groupe-international-%e2%9d%9danwalte-fur-aufklarung%e2%9d%9e-afa-unissent-leurs-forces-pour-sopposer-a-la-prise-de-pouvoir-de-loms\/\">9 juillet 2023<\/a>,\u00a0<a href=\"https:\/\/www.guyboulianne.info\/2024\/01\/19\/des-scientifiques-chinois-concoivent-la-variante-gx_p2v-du-covid-a-laquelle-il-ny-a-pas-desquive-%f0%9f%92%a5-100-des-personnes-infectees-mourront\">19 janvier 2024<\/a> et\u00a0<a href=\"https:\/\/www.guyboulianne.info\/2024\/02\/08\/la-loi-edictant-la-loi-sur-la-securite-civile-visant-a-favoriser-la-resilience-face-aux-sinistres-ce-projet-de-loi-peut-nous-mener-aux-pires-exces\">8 f\u00e9vrier 2024<\/a>. il ne faut pas oublier non plus que plusieurs projets de loi dont j\u2019ai d\u00e9j\u00e0 parl\u00e9 et qui affectent la libert\u00e9 d&rsquo;expression \u2014 <em>et donc toute forme de protestation<\/em> \u2014 co\u00efncident parfaitement avec ce\u00a0Trait\u00e9 sur les pand\u00e9mies que le Canada et les 193 autres \u00c9tats membres de l\u2019OMS signeront fort probablement. Par ce trait\u00e9, les chefs d\u2019\u00c9tat s\u2019appr\u00eatent \u00e0 remettre la souverainet\u00e9 de leurs nations entre les mains d\u2019un gouvernement mondial et \u00e0 signer un trait\u00e9 international qui soumettra tous les peuples \u00e0 une dictature sans pr\u00e9c\u00e9dent, incluant les fermetures de fronti\u00e8res, les restrictions de voyage, le confinement (quarantaine), les examens m\u00e9dicaux et la m\u00e9dication des individus (englobant les exigences relatives \u00e0 l\u2019injection de vaccins ou d\u2019autres produits pharmaceutiques).<br><br>Je partage maintenant un article de <a href=\"https:\/\/reinfoquebec.ca\/traite-sur-les-pandemies-agissons\/\" target=\"_blank\" rel=\"noreferrer noopener\">R\u00e9info Qu\u00e9bec<\/a> qui fut publi\u00e9 le 5 d\u00e9cembre 2023. Le collectif R\u00e9info Qu\u00e9bec a vu le jour au printemps 2021, dans la foul\u00e9e et l\u2019esprit du travail initi\u00e9 par le Dr Louis Fouch\u00e9 \u00e0 l\u2019automne 2020. Il s&rsquo;agit d&rsquo;un groupe de Qu\u00e9b\u00e9cois r\u00e9unissant des milliers de professionnels de la sant\u00e9, d\u2019universitaires, de scientifiques et de citoyens qui se sont retrouv\u00e9s autour du besoin d\u2019un lieu d\u2019information, d\u2019\u00e9changes et d\u2019actions ind\u00e9pendantes. La raison d\u2019\u00eatre premi\u00e8re de <a href=\"https:\/\/reinfoquebec.ca\/traite-sur-les-pandemies-agissons\/\" target=\"_blank\" rel=\"noreferrer noopener\">R\u00e9info Qu\u00e9bec<\/a> est de soutenir et d\u2019accompagner les professionnels de la sant\u00e9. Sans oublier les autres professionnels et m\u00e9tiers car, en tant que soci\u00e9t\u00e9, nous sommes tous imbriqu\u00e9s et concern\u00e9s par ces actions. Le groupement propose aux concitoyens des outils pour questionner, comprendre et agir dans le contexte des foyers de crise afin qu\u2019ensemble, nous puissions prendre les meilleures d\u00e9cisions concernant notre sant\u00e9, notre vie sociale et le respect de nos libert\u00e9s.<\/p>\n\n\n\n<hr class=\"wp-block-separator has-alpha-channel-opacity\"\/>\n\n\n\n<figure class=\"wp-block-embed aligncenter is-type-video is-provider-youtube wp-block-embed-youtube wp-embed-aspect-16-9 wp-has-aspect-ratio\"><div class=\"wp-block-embed__wrapper\">\n<iframe loading=\"lazy\" title=\"Pr PERRONNE  &quot;STOPPER LE TRAIT\u00c9 PAND\u00c9MIES DE L\u2019OMS !&quot;\" width=\"640\" height=\"360\" src=\"https:\/\/www.youtube.com\/embed\/u9zG_Oc_UH8?feature=oembed\" frameborder=\"0\" allow=\"accelerometer; autoplay; clipboard-write; encrypted-media; gyroscope; picture-in-picture; web-share\" referrerpolicy=\"strict-origin-when-cross-origin\" allowfullscreen><\/iframe>\n<\/div><figcaption class=\"wp-element-caption\">APPEL \u00c0 MOBILISATION par le Pr CHRISTIAN PERRONNE \u00ab\u00a0Que les citoyens alertent leurs entourages, interpellent leurs \u00e9lus et les journalistes, diffusent leurs actions, informent sans rel\u00e2che ceux qui ne savent pas encore que nos libert\u00e9s fondamentales sont menac\u00e9es par des int\u00e9r\u00eats mondiaux priv\u00e9s&#8230;\u00a0\u00bb <a href=\"https:\/\/www.youtube.com\/hashtag\/stoptrait%C3%A9oms\">#StopTrait\u00e9OMS<\/a> <a href=\"https:\/\/www.youtube.com\/hashtag\/trait%C3%A9pand%C3%A9mies\">#Trait\u00e9Pand\u00e9mies<\/a> <a href=\"https:\/\/www.youtube.com\/hashtag\/oms\">#OMS<\/a><\/figcaption><\/figure>\n\n\n\n<hr class=\"wp-block-separator has-alpha-channel-opacity\"\/>\n\n\n\n<h2 class=\"wp-block-heading\">\u27bd Trait\u00e9 sur les pand\u00e9mies : agissons!<\/h2>\n\n\n\n<p>Actuellement n\u00e9goci\u00e9 par le gouvernement f\u00e9d\u00e9ral et 194 autres \u00c9tats membres de l\u2019OMS depuis 2021 et devant \u00eatre adopt\u00e9 d\u00e9finitivement le 24 mai 2024, le Trait\u00e9 de l\u2019OMS sur les pand\u00e9mies menace gravement nos droits et libert\u00e9s. En effet, sous couvert de nous pr\u00e9parer \u00e0 une prochaine pand\u00e9mie, ce trait\u00e9 va confier \u00e0 l\u2019OMS une autorit\u00e9 sur les \u00e9tats signataires qui se verront justifi\u00e9s de proc\u00e9der \u00e0 des confinements, ainsi qu\u2019\u00e0 d\u2019autres mesures sanitaires (par exemple le port obligatoire du masque), voire de proc\u00e9der \u00e0 une vaccination de masse d\u00e8s lors que l\u2019OMS aura d\u00e9clar\u00e9 une pand\u00e9mie. On est dans la derni\u00e8re ligne droite et pourtant rien ou presque ne filtre.<\/p>\n\n\n\n<p>S\u2019il est fait \u00e9tat un peu partout que l\u2019accord serait loin d\u2019\u00eatre sign\u00e9 car plusieurs \u00c9tats \u00e9mettent des r\u00e9serves, il est essentiel d\u2019agir. Nous proposons deux moyens d\u2019action :<\/p>\n\n\n\n<p>1. \u00c9crire \u00e0 ses d\u00e9put\u00e9s et demander \u00e0 les rencontrer<br>2. Distribuer des pamphlets<\/p>\n\n\n\n<h5 class=\"wp-block-heading\">Nous donnons des d\u00e9tails ci-dessous.<\/h5>\n\n\n\n<h3 class=\"wp-block-heading\">Contacter ses d\u00e9put\u00e9s<\/h3>\n\n\n\n<p>Bien que l\u2019on ne soit pas en d\u00e9mocratie, nous pensons que contacter vos d\u00e9put\u00e9s (f\u00e9d\u00e9ral et provincial) pourrait avoir des retomb\u00e9es positives car cela leur mettrait un peu de pression. En effet, c\u2019est le f\u00e9d\u00e9ral qui n\u00e9gocie\u2026 mais&nbsp;<a href=\"https:\/\/apps.who.int\/gb\/ebwha\/pdf_files\/WHA76\/A76_DIV1-en.pdf\" target=\"_blank\" rel=\"noreferrer noopener\">Luc Boileau<\/a>, le chef de la sant\u00e9 publique du Qu\u00e9bec est n\u00e9gociateur pour le Canada.<\/p>\n\n\n\n<p>Nous avons adress\u00e9\u00a0<a href=\"https:\/\/reinfoquebec.ca\/wp-content\/uploads\/2024\/04\/Traite-sur-les-pandemies.pdf\" target=\"_blank\" rel=\"noreferrer noopener\">une lettre \u00e0 Luc Boileau<\/a>, avec les principaux d\u00e9cideurs en copie conforme (Justin Trudeau, Fran\u00e7ois Legault, les chefs de partis, etc.). Nous vous invitons \u00e0 la faire parvenir \u00e0 vos d\u00e9put\u00e9s. Nous esp\u00e9rons que s\u2019ils en re\u00e7oivent des dizaines ils s\u2019\u00e9veilleront. Cela peut \u00eatre fait par courriel ou par la poste. Vous trouverez la liste des d\u00e9put\u00e9s f\u00e9d\u00e9raux\u00a0<a href=\"https:\/\/www.noscommunes.ca\/Members\/fr\/search\" target=\"_blank\" rel=\"noreferrer noopener\">ici<\/a>\u00a0et celle des d\u00e9put\u00e9s provinciaux\u00a0<a href=\"https:\/\/www.assnat.qc.ca\/fr\/deputes\/index.html?appelant=MC\" target=\"_blank\" rel=\"noreferrer noopener\">ici<\/a>. Cependant, un courriel peut passer relativement inaper\u00e7u et nous vous invitons plut\u00f4t \u00e0 demander un rendez-vous et \u00e0 remettre la lettre en main propre.<\/p>\n\n\n\n<a href=\"https:\/\/reinfoquebec.ca\/wp-content\/uploads\/2024\/04\/Traite-sur-les-pandemies.pdf\" target=\"_blank\" aria-label=\"une lettre \u00e0 Luc Boileau (opens in a new tab)\" rel=\"noreferrer noopener\" class=\"ek-link\">une lettre \u00e0 Luc Boileau<\/a>\n\n\n\n<div data-wp-interactive=\"core\/file\" class=\"wp-block-file\"><object data-wp-bind--hidden=\"!state.hasPdfPreview\" hidden class=\"wp-block-file__embed\" data=\"https:\/\/radiovolume7.com\/wp-content\/uploads\/2024\/04\/Traite-sur-les-pandemies.pdf\" type=\"application\/pdf\" style=\"width:100%;height:600px\" aria-label=\"Contenu embarqu\u00e9 Traite-sur-les-pandemies.\"><\/object><a id=\"wp-block-file--media-86c47917-f555-4b48-9cc2-b82e2e35d8d1\" href=\"https:\/\/radiovolume7.com\/wp-content\/uploads\/2024\/04\/Traite-sur-les-pandemies.pdf\">Traite-sur-les-pandemies<\/a><a href=\"https:\/\/radiovolume7.com\/wp-content\/uploads\/2024\/04\/Traite-sur-les-pandemies.pdf\" class=\"wp-block-file__button wp-element-button\" download aria-describedby=\"wp-block-file--media-86c47917-f555-4b48-9cc2-b82e2e35d8d1\">T\u00e9l\u00e9charger<\/a><\/div>\n\n\n\n<p>La lettre est claire et directe. Elle pose 5 questions principales \u00e0 Luc Boileau, questions auxquelles nous esp\u00e9rons qu\u2019il apportera des r\u00e9ponses :<\/p>\n\n\n\n<p>1\/ Le Canada restera-t-il souverain?<br>2\/ Qu\u2019en est-il de nos droits et libert\u00e9s?<br>3\/ Qu\u2019en est-il de la libert\u00e9 d\u2019expression?<br>4\/ Le passeport sanitaire mondial est-il l\u00e9gal?<br>5\/ Qu\u2019en est-il de l\u2019efficacit\u00e9 et de la souverainet\u00e9 de l\u2019OMS?<\/p>\n\n\n\n<p>Voil\u00e0 5 grandes questions (et il y en a plusieurs autres) sur lesquelles nous attendons M. Boileau et qui lui sont directement pos\u00e9es.<\/p>\n\n\n\n<p>Nous vous invitons aussi \u00e0 contacter directement&nbsp;<a href=\"mailto:luc.boileau@msss.gouv.qc.ca\" target=\"_blank\" rel=\"noreferrer noopener\">Luc Boileau<\/a>, aussi bien par courriel que par la poste. Vous trouverez ici divers d\u00e9tails pour le contacter. Attention, nous vous demandons de rester courtois en tout temps. L\u2019id\u00e9al est vraiment de poster la lettre que nous lui avons envoy\u00e9 en l\u2019adaptant.<\/p>\n\n\n\n<p>Enfin, nous vous invitons&nbsp;<a href=\"https:\/\/www.citizengo.org\/fr\/ot\/212357-appel-urgent-laction-bloquez-le-traite-sur-les-pandemies-maintenant\" target=\"_blank\" rel=\"noreferrer noopener\">\u00e0 signer cette p\u00e9tition<\/a>&nbsp;qui demande l\u2019arr\u00eat du Trait\u00e9 sur les pand\u00e9mies.<\/p>\n\n\n<div class=\"wp-block-image\">\n<figure class=\"aligncenter is-resized\"><a href=\"https:\/\/reinfoquebec.ca\/wp-content\/uploads\/2023\/08\/OMS_version-depliant-_-corrige_18-JUILLET-2023-2.pdf\" target=\"_blank\" rel=\"noreferrer noopener\"><img  title=\"\" decoding=\"async\" src=\"https:\/\/i0.wp.com\/www.guyboulianne.info\/wp-content\/uploads\/2024\/04\/Attention-Terrain-glissant.jpg?resize=700%2C606&amp;ssl=1\"  alt=\"Attention-Terrain-glissant En n\u00e9gociation avec 194 \u00c9tats membres de l\u2019OMS dont le Canada, le Trait\u00e9 sur les pand\u00e9mies menace tr\u00e8s gravement nos droits et libert\u00e9s\"  class=\"wp-image-108910\" style=\"width:840px;height:auto\"\/><\/a><\/figure>\n<\/div>\n\n\n<h1 class=\"wp-block-heading\">\u261b Agir sur le terrain \u261a<\/h1>\n\n\n\n<p>Contacter ses d\u00e9put\u00e9s ou Luc Boileau, tenter de les rencontrer, c\u2019est bien. Agir sur le terrain afin d\u2019essayer de convaincre nos concitoyens, c\u2019est mieux. Pour se faire, R\u00e9info Qu\u00e9bec va organiser une grande distribution de pamphlets dans les prochains jours. Si cela vous int\u00e9resse,&nbsp;<a href=\"mailto:cleray@reinfoquebec.ca\" target=\"_blank\" rel=\"noreferrer noopener\">contactez-les<\/a>, le collectif constituera des \u00e9quipes. Si vous ne l\u2019avez jamais fait, ils vous donnerons quelques conseils.<\/p>\n\n\n\n<h5 class=\"wp-block-heading\">Vous pouvez imprimer un&nbsp;<a href=\"https:\/\/reinfoquebec.ca\/wp-content\/uploads\/2023\/08\/OMS_version-depliant-_-corrige_18-JUILLET-2023-2.pdf\" target=\"_blank\" rel=\"noreferrer noopener\">d\u00e9pliant<\/a>&nbsp;ou une&nbsp;<a href=\"https:\/\/reinfoquebec.ca\/wp-content\/uploads\/2023\/08\/OMS_version-depliant-_-Version-longue_8-aout-2023-1.pdf\" target=\"_blank\" rel=\"noreferrer noopener\">brochure<\/a>&nbsp;qui d\u00e9crivent le projet de mani\u00e8re claire.<\/h5>\n\n\n\n<hr class=\"wp-block-separator has-alpha-channel-opacity\"\/>\n\n\n\n<figure class=\"wp-block-embed is-type-video is-provider-youtube wp-block-embed-youtube wp-embed-aspect-16-9 wp-has-aspect-ratio\"><div class=\"wp-block-embed__wrapper\">\n<iframe loading=\"lazy\" title=\"Trait\u00e9 Pand\u00e9mies de l&#039;OMS : UN COUP D\u2019\u00c9TAT MONDIAL ?\" width=\"640\" height=\"360\" src=\"https:\/\/www.youtube.com\/embed\/Qs3oGgSfwfA?feature=oembed\" frameborder=\"0\" allow=\"accelerometer; autoplay; clipboard-write; encrypted-media; gyroscope; picture-in-picture; web-share\" referrerpolicy=\"strict-origin-when-cross-origin\" allowfullscreen><\/iframe>\n<\/div><figcaption class=\"wp-element-caption\">La Dr. Meryl Nass, sp\u00e9cialiste des armes biologiques et lanceuse d&rsquo;alerte \u00e0 la pointe du combat* contre le \u00ab\u00a0Trait\u00e9 sur les <a href=\"https:\/\/www.youtube.com\/hashtag\/pandemie\">#pandemie<\/a> \u00a0\u00bb de l&rsquo; <a href=\"https:\/\/www.youtube.com\/hashtag\/oms\">#oms<\/a> , nous donne toutes les cl\u00e9s, enjeux et deadlines : &#8211; pour comprendre pourquoi ce Trait\u00e9 est une menace politique mondiale imminente &#8211; pour partager autour de soi et alerter le plus grand nombre. Interview en anglais sous-titr\u00e9e fran\u00e7ais par KAro pour BAM!<\/figcaption><\/figure>\n\n\n\n<hr class=\"wp-block-separator has-alpha-channel-opacity\"\/>\n\n\n\n<p>\ud83d\udd17 <strong>Source : <a href=\"https:\/\/www.guyboulianne.info\/2024\/04\/07\/en-negociation-avec-194-etats-membres-de-loms-dont-le-canada-le-traite-sur-les-pandemies-menace-tres-gravement-nos-droits-et-libertes\/\">Guy Boulia<\/a><a href=\"https:\/\/www.guyboulianne.info\/2024\/04\/07\/en-negociation-avec-194-etats-membres-de-loms-dont-le-canada-le-traite-sur-les-pandemies-menace-tres-gravement-nos-droits-et-libertes\/\" target=\"_blank\" rel=\"noreferrer noopener\">nne<\/a><\/strong><\/p>\n\n\n<div class=\"wp-block-post-author\"><div class=\"wp-block-post-author__avatar\"><img  title=\"\"  alt=\"7c5e5078f8861520ef3df1ccf8400814a2675ee2e617efab58921c4972166788?s=48&#038;d=mm&#038;r=g En n\u00e9gociation avec 194 \u00c9tats membres de l\u2019OMS dont le Canada, le Trait\u00e9 sur les pand\u00e9mies menace tr\u00e8s gravement nos droits et libert\u00e9s\" alt='' src='https:\/\/secure.gravatar.com\/avatar\/7c5e5078f8861520ef3df1ccf8400814a2675ee2e617efab58921c4972166788?s=48&#038;d=mm&#038;r=g' srcset='https:\/\/secure.gravatar.com\/avatar\/7c5e5078f8861520ef3df1ccf8400814a2675ee2e617efab58921c4972166788?s=96&#038;d=mm&#038;r=g 2x' class='avatar avatar-48 photo' height='48' width='48' \/><\/div><div class=\"wp-block-post-author__content\"><p class=\"wp-block-post-author__byline\"><a href=\"https:\/\/radiovolume7.com\/\">RV7 NEWS<\/a><\/p><p class=\"wp-block-post-author__name\">RV7<\/p><\/div><\/div>\n\n\n<p><\/p>\n","protected":false},"excerpt":{"rendered":"<p>Par Guy Boulianne J&rsquo;avais fait part des dangers du Trait\u00e9 de l&rsquo;OMS sur les pand\u00e9mies\u00a0d\u00e8s le\u00a07 octobre 2021, alors que je partageais l\u2019article du\u00a0Dr Urmie Ray, publi\u00e9 \u00e0 l\u2019origine sur le site internet de\u00a0Principia Scientific International. J\u2019ai poursuivi ces avertissements \u00e0 quelques reprises, soit \u00e0 ces dates :\u00a030 mai 2022,\u00a026 mai 2023,\u00a09 juillet 2023,\u00a019 janvier [&hellip;]<\/p>\n","protected":false},"author":1,"featured_media":1402,"comment_status":"open","ping_status":"open","sticky":false,"template":"","format":"standard","meta":{"fifu_image_url":"","fifu_image_alt":"","footnotes":""},"categories":[34,11,12,21,2,3],"tags":[],"class_list":["post-1400","post","type-post","status-publish","format-standard","has-post-thumbnail","hentry","category-amerique","category-europe","category-internationale","category-lonu","category-sante","category-societe"],"featured_image_src":"https:\/\/radiovolume7.com\/wp-content\/uploads\/2024\/04\/Le-Traite-sur-les-pandemies-menace-nos-droits-et-libertes.webp","author_info":{"display_name":"RV7","author_link":"https:\/\/radiovolume7.com\/?author=1"},"yoast_head":"<!-- This site is optimized with the Yoast SEO plugin v27.5 - https:\/\/yoast.com\/product\/yoast-seo-wordpress\/ -->\n<title>En n\u00e9gociation avec 194 \u00c9tats membres de l\u2019OMS dont le Canada, le Trait\u00e9 sur les pand\u00e9mies menace tr\u00e8s gravement nos droits et libert\u00e9s - RADIO VOLUME 7<\/title>\n<meta name=\"description\" content=\"Actuellement n\u00e9goci\u00e9 par le gouvernement f\u00e9d\u00e9ral et 194 autres \u00c9tats membres de l\u2019OMS depuis 2021 et devant \u00eatre adopt\u00e9 d\u00e9finitivement le 24 mai 2024, le Trait\u00e9 de l\u2019OMS sur les pand\u00e9mies menace gravement nos droits et libert\u00e9s.\" \/>\n<meta name=\"robots\" content=\"index, follow, max-snippet:-1, max-image-preview:large, max-video-preview:-1\" \/>\n<link rel=\"canonical\" href=\"https:\/\/radiovolume7.com\/?p=1400\" \/>\n<meta property=\"og:locale\" content=\"fr_FR\" \/>\n<meta property=\"og:type\" content=\"article\" \/>\n<meta property=\"og:title\" content=\"En n\u00e9gociation avec 194 \u00c9tats membres de l\u2019OMS dont le Canada, le Trait\u00e9 sur les pand\u00e9mies menace tr\u00e8s gravement nos droits et libert\u00e9s\" \/>\n<meta property=\"og:description\" content=\"Actuellement n\u00e9goci\u00e9 par le gouvernement f\u00e9d\u00e9ral et 194 autres \u00c9tats membres de l\u2019OMS depuis 2021 et devant \u00eatre adopt\u00e9 d\u00e9finitivement le 24 mai 2024, le Trait\u00e9 de l\u2019OMS sur les pand\u00e9mies menace gravement nos droits et libert\u00e9s.\" \/>\n<meta property=\"og:url\" content=\"https:\/\/radiovolume7.com\/?p=1400\" \/>\n<meta property=\"og:site_name\" content=\"RADIO VOLUME 7\" \/>\n<meta property=\"article:publisher\" content=\"https:\/\/www.facebook.com\/rv7news.sat\" \/>\n<meta property=\"article:published_time\" content=\"2024-04-09T11:09:48+00:00\" \/>\n<meta property=\"article:modified_time\" content=\"2024-04-09T11:09:53+00:00\" \/>\n<meta property=\"og:image\" content=\"https:\/\/radiovolume7.com\/wp-content\/uploads\/2024\/04\/Le-Traite-sur-les-pandemies-menace-nos-droits-et-libertes.webp\" \/>\n\t<meta property=\"og:image:width\" content=\"863\" \/>\n\t<meta property=\"og:image:height\" content=\"485\" \/>\n\t<meta property=\"og:image:type\" content=\"image\/webp\" \/>\n<meta name=\"author\" content=\"RV7\" \/>\n<meta name=\"twitter:card\" content=\"summary_large_image\" \/>\n<meta name=\"twitter:title\" content=\"En n\u00e9gociation avec 194 \u00c9tats membres de l\u2019OMS dont le Canada, le Trait\u00e9 sur les pand\u00e9mies menace tr\u00e8s gravement nos droits et libert\u00e9s\" \/>\n<meta name=\"twitter:description\" content=\"Actuellement n\u00e9goci\u00e9 par le gouvernement f\u00e9d\u00e9ral et 194 autres \u00c9tats membres de l\u2019OMS depuis 2021 et devant \u00eatre adopt\u00e9 d\u00e9finitivement le 24 mai 2024, le Trait\u00e9 de l\u2019OMS sur les pand\u00e9mies menace gravement nos droits et libert\u00e9s.\" \/>\n<meta name=\"twitter:image\" content=\"https:\/\/radiovolume7.com\/wp-content\/uploads\/2024\/04\/Le-Traite-sur-les-pandemies-menace-nos-droits-et-libertes.webp\" \/>\n<meta name=\"twitter:creator\" content=\"@rv7_news\" \/>\n<meta name=\"twitter:site\" content=\"@rv7_news\" \/>\n<meta name=\"twitter:label1\" content=\"\u00c9crit par\" \/>\n\t<meta name=\"twitter:data1\" content=\"RV7\" \/>\n\t<meta name=\"twitter:label2\" content=\"Dur\u00e9e de lecture estim\u00e9e\" \/>\n\t<meta name=\"twitter:data2\" content=\"5 minutes\" \/>\n<script type=\"application\/ld+json\" class=\"yoast-schema-graph\">{\"@context\":\"https:\\\/\\\/schema.org\",\"@graph\":[{\"@type\":\"Article\",\"@id\":\"https:\\\/\\\/radiovolume7.com\\\/?p=1400#article\",\"isPartOf\":{\"@id\":\"https:\\\/\\\/radiovolume7.com\\\/?p=1400\"},\"author\":{\"name\":\"RV7\",\"@id\":\"https:\\\/\\\/radiovolume7.com\\\/#\\\/schema\\\/person\\\/dd927c4c572fe24bc1b6739dc61c4e78\"},\"headline\":\"En n\u00e9gociation avec 194 \u00c9tats membres de l\u2019OMS dont le Canada, le Trait\u00e9 sur les pand\u00e9mies menace tr\u00e8s gravement nos droits et libert\u00e9s\",\"datePublished\":\"2024-04-09T11:09:48+00:00\",\"dateModified\":\"2024-04-09T11:09:53+00:00\",\"mainEntityOfPage\":{\"@id\":\"https:\\\/\\\/radiovolume7.com\\\/?p=1400\"},\"wordCount\":1165,\"commentCount\":0,\"publisher\":{\"@id\":\"https:\\\/\\\/radiovolume7.com\\\/#organization\"},\"image\":{\"@id\":\"https:\\\/\\\/radiovolume7.com\\\/?p=1400#primaryimage\"},\"thumbnailUrl\":\"https:\\\/\\\/radiovolume7.com\\\/wp-content\\\/uploads\\\/2024\\\/04\\\/Le-Traite-sur-les-pandemies-menace-nos-droits-et-libertes.webp\",\"articleSection\":[\"Am\u00e9rique\",\"Europe\",\"Internationale\",\"L'ONU\",\"Sant\u00e9\",\"Soci\u00e9t\u00e9\"],\"inLanguage\":\"fr-FR\",\"potentialAction\":[{\"@type\":\"CommentAction\",\"name\":\"Comment\",\"target\":[\"https:\\\/\\\/radiovolume7.com\\\/?p=1400#respond\"]}]},{\"@type\":\"WebPage\",\"@id\":\"https:\\\/\\\/radiovolume7.com\\\/?p=1400\",\"url\":\"https:\\\/\\\/radiovolume7.com\\\/?p=1400\",\"name\":\"En n\u00e9gociation avec 194 \u00c9tats membres de l\u2019OMS dont le Canada, le Trait\u00e9 sur les pand\u00e9mies menace tr\u00e8s gravement nos droits et libert\u00e9s - RADIO VOLUME 7\",\"isPartOf\":{\"@id\":\"https:\\\/\\\/radiovolume7.com\\\/#website\"},\"primaryImageOfPage\":{\"@id\":\"https:\\\/\\\/radiovolume7.com\\\/?p=1400#primaryimage\"},\"image\":{\"@id\":\"https:\\\/\\\/radiovolume7.com\\\/?p=1400#primaryimage\"},\"thumbnailUrl\":\"https:\\\/\\\/radiovolume7.com\\\/wp-content\\\/uploads\\\/2024\\\/04\\\/Le-Traite-sur-les-pandemies-menace-nos-droits-et-libertes.webp\",\"datePublished\":\"2024-04-09T11:09:48+00:00\",\"dateModified\":\"2024-04-09T11:09:53+00:00\",\"description\":\"Actuellement n\u00e9goci\u00e9 par le gouvernement f\u00e9d\u00e9ral et 194 autres \u00c9tats membres de l\u2019OMS depuis 2021 et devant \u00eatre adopt\u00e9 d\u00e9finitivement le 24 mai 2024, le Trait\u00e9 de l\u2019OMS sur les pand\u00e9mies menace gravement nos droits et libert\u00e9s.\",\"breadcrumb\":{\"@id\":\"https:\\\/\\\/radiovolume7.com\\\/?p=1400#breadcrumb\"},\"inLanguage\":\"fr-FR\",\"potentialAction\":[{\"@type\":\"ReadAction\",\"target\":[\"https:\\\/\\\/radiovolume7.com\\\/?p=1400\"]}]},{\"@type\":\"ImageObject\",\"inLanguage\":\"fr-FR\",\"@id\":\"https:\\\/\\\/radiovolume7.com\\\/?p=1400#primaryimage\",\"url\":\"https:\\\/\\\/radiovolume7.com\\\/wp-content\\\/uploads\\\/2024\\\/04\\\/Le-Traite-sur-les-pandemies-menace-nos-droits-et-libertes.webp\",\"contentUrl\":\"https:\\\/\\\/radiovolume7.com\\\/wp-content\\\/uploads\\\/2024\\\/04\\\/Le-Traite-sur-les-pandemies-menace-nos-droits-et-libertes.webp\",\"width\":863,\"height\":485,\"caption\":\"Illustration image \\\/ Le Traite sur les pandemies menace nos droits et libertes \\\/ guyboulianne.info\"},{\"@type\":\"BreadcrumbList\",\"@id\":\"https:\\\/\\\/radiovolume7.com\\\/?p=1400#breadcrumb\",\"itemListElement\":[{\"@type\":\"ListItem\",\"position\":1,\"name\":\"Accueil\",\"item\":\"https:\\\/\\\/radiovolume7.com\\\/\"},{\"@type\":\"ListItem\",\"position\":2,\"name\":\"En n\u00e9gociation avec 194 \u00c9tats membres de l\u2019OMS dont le Canada, le Trait\u00e9 sur les pand\u00e9mies menace tr\u00e8s gravement nos droits et libert\u00e9s\"}]},{\"@type\":\"WebSite\",\"@id\":\"https:\\\/\\\/radiovolume7.com\\\/#website\",\"url\":\"https:\\\/\\\/radiovolume7.com\\\/\",\"name\":\"RADIO VOLUME 7\",\"description\":\"Le nouveau monde RV7 NEWS\",\"publisher\":{\"@id\":\"https:\\\/\\\/radiovolume7.com\\\/#organization\"},\"potentialAction\":[{\"@type\":\"SearchAction\",\"target\":{\"@type\":\"EntryPoint\",\"urlTemplate\":\"https:\\\/\\\/radiovolume7.com\\\/?s={search_term_string}\"},\"query-input\":{\"@type\":\"PropertyValueSpecification\",\"valueRequired\":true,\"valueName\":\"search_term_string\"}}],\"inLanguage\":\"fr-FR\"},{\"@type\":\"Organization\",\"@id\":\"https:\\\/\\\/radiovolume7.com\\\/#organization\",\"name\":\"RV7 NEWS\",\"url\":\"https:\\\/\\\/radiovolume7.com\\\/\",\"logo\":{\"@type\":\"ImageObject\",\"inLanguage\":\"fr-FR\",\"@id\":\"https:\\\/\\\/radiovolume7.com\\\/#\\\/schema\\\/logo\\\/image\\\/\",\"url\":\"https:\\\/\\\/radiovolume7.com\\\/wp-content\\\/uploads\\\/2024\\\/06\\\/RV7-NEWS-500x500-1.png\",\"contentUrl\":\"https:\\\/\\\/radiovolume7.com\\\/wp-content\\\/uploads\\\/2024\\\/06\\\/RV7-NEWS-500x500-1.png\",\"width\":500,\"height\":500,\"caption\":\"RV7 NEWS\"},\"image\":{\"@id\":\"https:\\\/\\\/radiovolume7.com\\\/#\\\/schema\\\/logo\\\/image\\\/\"},\"sameAs\":[\"https:\\\/\\\/www.facebook.com\\\/rv7news.sat\",\"https:\\\/\\\/x.com\\\/rv7_news\"]},{\"@type\":\"Person\",\"@id\":\"https:\\\/\\\/radiovolume7.com\\\/#\\\/schema\\\/person\\\/dd927c4c572fe24bc1b6739dc61c4e78\",\"name\":\"RV7\",\"image\":{\"@type\":\"ImageObject\",\"inLanguage\":\"fr-FR\",\"@id\":\"https:\\\/\\\/secure.gravatar.com\\\/avatar\\\/7c5e5078f8861520ef3df1ccf8400814a2675ee2e617efab58921c4972166788?s=96&d=mm&r=g\",\"url\":\"https:\\\/\\\/secure.gravatar.com\\\/avatar\\\/7c5e5078f8861520ef3df1ccf8400814a2675ee2e617efab58921c4972166788?s=96&d=mm&r=g\",\"contentUrl\":\"https:\\\/\\\/secure.gravatar.com\\\/avatar\\\/7c5e5078f8861520ef3df1ccf8400814a2675ee2e617efab58921c4972166788?s=96&d=mm&r=g\",\"caption\":\"RV7\"},\"sameAs\":[\"http:\\\/\\\/radiovolume7.com\"],\"url\":\"https:\\\/\\\/radiovolume7.com\\\/?author=1\"}]}<\/script>\n<!-- \/ Yoast SEO plugin. -->","yoast_head_json":{"title":"En n\u00e9gociation avec 194 \u00c9tats membres de l\u2019OMS dont le Canada, le Trait\u00e9 sur les pand\u00e9mies menace tr\u00e8s gravement nos droits et libert\u00e9s - RADIO VOLUME 7","description":"Actuellement n\u00e9goci\u00e9 par le gouvernement f\u00e9d\u00e9ral et 194 autres \u00c9tats membres de l\u2019OMS depuis 2021 et devant \u00eatre adopt\u00e9 d\u00e9finitivement le 24 mai 2024, le Trait\u00e9 de l\u2019OMS sur les pand\u00e9mies menace gravement nos droits et libert\u00e9s.","robots":{"index":"index","follow":"follow","max-snippet":"max-snippet:-1","max-image-preview":"max-image-preview:large","max-video-preview":"max-video-preview:-1"},"canonical":"https:\/\/radiovolume7.com\/?p=1400","og_locale":"fr_FR","og_type":"article","og_title":"En n\u00e9gociation avec 194 \u00c9tats membres de l\u2019OMS dont le Canada, le Trait\u00e9 sur les pand\u00e9mies menace tr\u00e8s gravement nos droits et libert\u00e9s","og_description":"Actuellement n\u00e9goci\u00e9 par le gouvernement f\u00e9d\u00e9ral et 194 autres \u00c9tats membres de l\u2019OMS depuis 2021 et devant \u00eatre adopt\u00e9 d\u00e9finitivement le 24 mai 2024, le Trait\u00e9 de l\u2019OMS sur les pand\u00e9mies menace gravement nos droits et libert\u00e9s.","og_url":"https:\/\/radiovolume7.com\/?p=1400","og_site_name":"RADIO VOLUME 7","article_publisher":"https:\/\/www.facebook.com\/rv7news.sat","article_published_time":"2024-04-09T11:09:48+00:00","article_modified_time":"2024-04-09T11:09:53+00:00","og_image":[{"width":863,"height":485,"url":"https:\/\/radiovolume7.com\/wp-content\/uploads\/2024\/04\/Le-Traite-sur-les-pandemies-menace-nos-droits-et-libertes.webp","type":"image\/webp"}],"author":"RV7","twitter_card":"summary_large_image","twitter_title":"En n\u00e9gociation avec 194 \u00c9tats membres de l\u2019OMS dont le Canada, le Trait\u00e9 sur les pand\u00e9mies menace tr\u00e8s gravement nos droits et libert\u00e9s","twitter_description":"Actuellement n\u00e9goci\u00e9 par le gouvernement f\u00e9d\u00e9ral et 194 autres \u00c9tats membres de l\u2019OMS depuis 2021 et devant \u00eatre adopt\u00e9 d\u00e9finitivement le 24 mai 2024, le Trait\u00e9 de l\u2019OMS sur les pand\u00e9mies menace gravement nos droits et libert\u00e9s.","twitter_image":"https:\/\/radiovolume7.com\/wp-content\/uploads\/2024\/04\/Le-Traite-sur-les-pandemies-menace-nos-droits-et-libertes.webp","twitter_creator":"@rv7_news","twitter_site":"@rv7_news","twitter_misc":{"\u00c9crit par":"RV7","Dur\u00e9e de lecture estim\u00e9e":"5 minutes"},"schema":{"@context":"https:\/\/schema.org","@graph":[{"@type":"Article","@id":"https:\/\/radiovolume7.com\/?p=1400#article","isPartOf":{"@id":"https:\/\/radiovolume7.com\/?p=1400"},"author":{"name":"RV7","@id":"https:\/\/radiovolume7.com\/#\/schema\/person\/dd927c4c572fe24bc1b6739dc61c4e78"},"headline":"En n\u00e9gociation avec 194 \u00c9tats membres de l\u2019OMS dont le Canada, le Trait\u00e9 sur les pand\u00e9mies menace tr\u00e8s gravement nos droits et libert\u00e9s","datePublished":"2024-04-09T11:09:48+00:00","dateModified":"2024-04-09T11:09:53+00:00","mainEntityOfPage":{"@id":"https:\/\/radiovolume7.com\/?p=1400"},"wordCount":1165,"commentCount":0,"publisher":{"@id":"https:\/\/radiovolume7.com\/#organization"},"image":{"@id":"https:\/\/radiovolume7.com\/?p=1400#primaryimage"},"thumbnailUrl":"https:\/\/radiovolume7.com\/wp-content\/uploads\/2024\/04\/Le-Traite-sur-les-pandemies-menace-nos-droits-et-libertes.webp","articleSection":["Am\u00e9rique","Europe","Internationale","L'ONU","Sant\u00e9","Soci\u00e9t\u00e9"],"inLanguage":"fr-FR","potentialAction":[{"@type":"CommentAction","name":"Comment","target":["https:\/\/radiovolume7.com\/?p=1400#respond"]}]},{"@type":"WebPage","@id":"https:\/\/radiovolume7.com\/?p=1400","url":"https:\/\/radiovolume7.com\/?p=1400","name":"En n\u00e9gociation avec 194 \u00c9tats membres de l\u2019OMS dont le Canada, le Trait\u00e9 sur les pand\u00e9mies menace tr\u00e8s gravement nos droits et libert\u00e9s - RADIO VOLUME 7","isPartOf":{"@id":"https:\/\/radiovolume7.com\/#website"},"primaryImageOfPage":{"@id":"https:\/\/radiovolume7.com\/?p=1400#primaryimage"},"image":{"@id":"https:\/\/radiovolume7.com\/?p=1400#primaryimage"},"thumbnailUrl":"https:\/\/radiovolume7.com\/wp-content\/uploads\/2024\/04\/Le-Traite-sur-les-pandemies-menace-nos-droits-et-libertes.webp","datePublished":"2024-04-09T11:09:48+00:00","dateModified":"2024-04-09T11:09:53+00:00","description":"Actuellement n\u00e9goci\u00e9 par le gouvernement f\u00e9d\u00e9ral et 194 autres \u00c9tats membres de l\u2019OMS depuis 2021 et devant \u00eatre adopt\u00e9 d\u00e9finitivement le 24 mai 2024, le Trait\u00e9 de l\u2019OMS sur les pand\u00e9mies menace gravement nos droits et libert\u00e9s.","breadcrumb":{"@id":"https:\/\/radiovolume7.com\/?p=1400#breadcrumb"},"inLanguage":"fr-FR","potentialAction":[{"@type":"ReadAction","target":["https:\/\/radiovolume7.com\/?p=1400"]}]},{"@type":"ImageObject","inLanguage":"fr-FR","@id":"https:\/\/radiovolume7.com\/?p=1400#primaryimage","url":"https:\/\/radiovolume7.com\/wp-content\/uploads\/2024\/04\/Le-Traite-sur-les-pandemies-menace-nos-droits-et-libertes.webp","contentUrl":"https:\/\/radiovolume7.com\/wp-content\/uploads\/2024\/04\/Le-Traite-sur-les-pandemies-menace-nos-droits-et-libertes.webp","width":863,"height":485,"caption":"Illustration image \/ Le Traite sur les pandemies menace nos droits et libertes \/ guyboulianne.info"},{"@type":"BreadcrumbList","@id":"https:\/\/radiovolume7.com\/?p=1400#breadcrumb","itemListElement":[{"@type":"ListItem","position":1,"name":"Accueil","item":"https:\/\/radiovolume7.com\/"},{"@type":"ListItem","position":2,"name":"En n\u00e9gociation avec 194 \u00c9tats membres de l\u2019OMS dont le Canada, le Trait\u00e9 sur les pand\u00e9mies menace tr\u00e8s gravement nos droits et libert\u00e9s"}]},{"@type":"WebSite","@id":"https:\/\/radiovolume7.com\/#website","url":"https:\/\/radiovolume7.com\/","name":"RADIO VOLUME 7","description":"Le nouveau monde RV7 NEWS","publisher":{"@id":"https:\/\/radiovolume7.com\/#organization"},"potentialAction":[{"@type":"SearchAction","target":{"@type":"EntryPoint","urlTemplate":"https:\/\/radiovolume7.com\/?s={search_term_string}"},"query-input":{"@type":"PropertyValueSpecification","valueRequired":true,"valueName":"search_term_string"}}],"inLanguage":"fr-FR"},{"@type":"Organization","@id":"https:\/\/radiovolume7.com\/#organization","name":"RV7 NEWS","url":"https:\/\/radiovolume7.com\/","logo":{"@type":"ImageObject","inLanguage":"fr-FR","@id":"https:\/\/radiovolume7.com\/#\/schema\/logo\/image\/","url":"https:\/\/radiovolume7.com\/wp-content\/uploads\/2024\/06\/RV7-NEWS-500x500-1.png","contentUrl":"https:\/\/radiovolume7.com\/wp-content\/uploads\/2024\/06\/RV7-NEWS-500x500-1.png","width":500,"height":500,"caption":"RV7 NEWS"},"image":{"@id":"https:\/\/radiovolume7.com\/#\/schema\/logo\/image\/"},"sameAs":["https:\/\/www.facebook.com\/rv7news.sat","https:\/\/x.com\/rv7_news"]},{"@type":"Person","@id":"https:\/\/radiovolume7.com\/#\/schema\/person\/dd927c4c572fe24bc1b6739dc61c4e78","name":"RV7","image":{"@type":"ImageObject","inLanguage":"fr-FR","@id":"https:\/\/secure.gravatar.com\/avatar\/7c5e5078f8861520ef3df1ccf8400814a2675ee2e617efab58921c4972166788?s=96&d=mm&r=g","url":"https:\/\/secure.gravatar.com\/avatar\/7c5e5078f8861520ef3df1ccf8400814a2675ee2e617efab58921c4972166788?s=96&d=mm&r=g","contentUrl":"https:\/\/secure.gravatar.com\/avatar\/7c5e5078f8861520ef3df1ccf8400814a2675ee2e617efab58921c4972166788?s=96&d=mm&r=g","caption":"RV7"},"sameAs":["http:\/\/radiovolume7.com"],"url":"https:\/\/radiovolume7.com\/?author=1"}]}},"_links":{"self":[{"href":"https:\/\/radiovolume7.com\/index.php?rest_route=\/wp\/v2\/posts\/1400","targetHints":{"allow":["GET"]}}],"collection":[{"href":"https:\/\/radiovolume7.com\/index.php?rest_route=\/wp\/v2\/posts"}],"about":[{"href":"https:\/\/radiovolume7.com\/index.php?rest_route=\/wp\/v2\/types\/post"}],"author":[{"embeddable":true,"href":"https:\/\/radiovolume7.com\/index.php?rest_route=\/wp\/v2\/users\/1"}],"replies":[{"embeddable":true,"href":"https:\/\/radiovolume7.com\/index.php?rest_route=%2Fwp%2Fv2%2Fcomments&post=1400"}],"version-history":[{"count":1,"href":"https:\/\/radiovolume7.com\/index.php?rest_route=\/wp\/v2\/posts\/1400\/revisions"}],"predecessor-version":[{"id":1403,"href":"https:\/\/radiovolume7.com\/index.php?rest_route=\/wp\/v2\/posts\/1400\/revisions\/1403"}],"wp:featuredmedia":[{"embeddable":true,"href":"https:\/\/radiovolume7.com\/index.php?rest_route=\/wp\/v2\/media\/1402"}],"wp:attachment":[{"href":"https:\/\/radiovolume7.com\/index.php?rest_route=%2Fwp%2Fv2%2Fmedia&parent=1400"}],"wp:term":[{"taxonomy":"category","embeddable":true,"href":"https:\/\/radiovolume7.com\/index.php?rest_route=%2Fwp%2Fv2%2Fcategories&post=1400"},{"taxonomy":"post_tag","embeddable":true,"href":"https:\/\/radiovolume7.com\/index.php?rest_route=%2Fwp%2Fv2%2Ftags&post=1400"}],"curies":[{"name":"wp","href":"https:\/\/api.w.org\/{rel}","templated":true}]}}