{"id":1938,"date":"2024-12-13T20:22:59","date_gmt":"2024-12-13T19:22:59","guid":{"rendered":"https:\/\/radiovolume7.com\/?p=1938"},"modified":"2024-12-13T20:23:08","modified_gmt":"2024-12-13T19:23:08","slug":"trump-annonce-que-rfk-jr-explorera-le-lien-entre-vaccins-et-autisme-comme-secretaire-detat-a-la-sante","status":"publish","type":"post","link":"http:\/\/radiovolume7.com\/?p=1938","title":{"rendered":"Trump annonce que RFK Jr. explorera le lien entre vaccins et autisme comme secr\u00e9taire d&rsquo;\u00c9tat \u00e0 la Sant\u00e9."},"content":{"rendered":"\n<h2 class=\"wp-block-heading\">Trump d\u00e9clare que RFK Jr. \u00e9tudiera le lien possible entre les vaccins infantiles et l&rsquo;autisme en tant que secr\u00e9taire d&rsquo;\u00c9tat \u00e0 la Sant\u00e9 et aux Services Sociaux<\/h2>\n\n\n\n<p>\u00ab Je pense que quelqu&rsquo;un doit trouver la r\u00e9ponse. Si vous remontez 25 ans en arri\u00e8re, il y avait tr\u00e8s peu d&rsquo;autisme. Maintenant, c&rsquo;est le cas \u00bb, a d\u00e9clar\u00e9 M. Trump.<\/p>\n\n\n\n<p>Par\u00a0<a href=\"https:\/\/www.theepochtimes.com\/author\/jeff-louderback\">Jeff Louderback<\/a><\/p>\n\n\n\n<p>Le pr\u00e9sident \u00e9lu Donald Trump a d\u00e9clar\u00e9 le 8 d\u00e9cembre qu&rsquo;il donnerait \u00e0 Robert F. Kennedy Jr. la libert\u00e9 d&rsquo;enqu\u00eater sur le lien potentiel entre les vaccins et l&rsquo;autisme si ce dernier obtient la confirmation du S\u00e9nat pour devenir secr\u00e9taire \u00e0 la Sant\u00e9 et aux Services sociaux (HHS).<\/p>\n\n\n\n<p>Kennedy affirme depuis des ann\u00e9es que l\u2019autisme est probablement li\u00e9 aux vaccins administr\u00e9s pendant l\u2019enfance.<\/p>\n\n\n\n<p>Il a \u00e9t\u00e9 nomm\u00e9 secr\u00e9taire du HHS par Trump le mois dernier et a promis des changements radicaux aux agences relevant du d\u00e9partement HHS, telles que les Centers for Disease Control and Prevention (CDC), les National Institutes of Health (NIH) et la Food and Drug Administration (FDA).Le NIH\u00a0<a href=\"https:\/\/www.nimh.nih.gov\/health\/trials\/autism-spectrum-disorders-asd\" target=\"_blank\" rel=\"noreferrer noopener\">soutient<\/a> et finance la recherche sur l\u2019autisme, ainsi que de nouveaux vaccins potentiels.En septembre, Kennedy <a href=\"https:\/\/www.theepochtimes.com\/us\/rfk-jr-readies-for-potential-trump-administration-role-to-focus-on-health-5755659\" target=\"_blank\" rel=\"noreferrer noopener\">a d\u00e9clar\u00e9<\/a> au journal Epoch Times qu&rsquo;il allait r\u00e9organiser le NIH pour se concentrer sur les causes de l&rsquo;autisme, des maladies auto-immunes et des maladies du d\u00e9veloppement neurologique au lieu de d\u00e9velopper des m\u00e9dicaments et de servir d&rsquo;incubateur pour les produits pharmaceutiques.<\/p>\n\n\n\n<p>Dans une interview accord\u00e9e le 8 d\u00e9cembre \u00e0 l\u2019\u00e9mission \u00ab Meet The Press \u00bb, Trump a soulign\u00e9 que les cas d\u2019autisme avaient augment\u00e9 au cours des derni\u00e8res d\u00e9cennies. Lorsqu\u2019on lui a demand\u00e9 si Kennedy envisageait d\u2019\u00e9tudier la question, Trump a r\u00e9pondu qu\u2019il \u00e9tait \u00ab ouvert \u00e0 tout \u00bb.<\/p>\n\n\n\n<p>\u00ab Quand on regarde certains des probl\u00e8mes, quand on regarde ce qui se passe avec les maladies et les affections dans notre pays, quelque chose ne va pas \u00bb, a d\u00e9clar\u00e9 Trump.<\/p>\n\n\n\n<p>\u00ab Je pense que quelqu\u2019un doit trouver la r\u00e9ponse. Si vous remontez 25 ans en arri\u00e8re, il y avait tr\u00e8s peu d\u2019autisme. Maintenant, c\u2019est le cas. \u00bbLes donn\u00e9es du CDC <a href=\"https:\/\/www.cdc.gov\/autism\/data-research\/index.html\" target=\"_blank\" rel=\"noreferrer noopener\">montrent<\/a> qu&rsquo;environ un enfant am\u00e9ricain sur 36 souffre aujourd&rsquo;hui d&rsquo;un diagnostic d&rsquo;autisme, contre un sur 150 en 2000.<\/p>\n\n\n\n<p>La lutte contre les maladies chroniques, l\u2019am\u00e9lioration de la sant\u00e9 des enfants et la lutte contre l\u2019influence des entreprises sur les agences gouvernementales \u00e9taient des \u00e9l\u00e9ments essentiels du programme de campagne de Kennedy lorsqu\u2019il s\u2019est pr\u00e9sent\u00e9 \u00e0 la pr\u00e9sidence en tant que d\u00e9mocrate, puis en tant qu\u2019ind\u00e9pendant.En ao\u00fbt, Kennedy a suspendu sa campagne pr\u00e9sidentielle et apport\u00e9 son soutien \u00e0 Trump. Il <a href=\"https:\/\/www.theepochtimes.com\/us\/after-ending-presidential-bid-rfk-jr-focused-on-americas-chronic-disease-problems-5735413\" target=\"_blank\" rel=\"noreferrer noopener\">a d\u00e9clar\u00e9<\/a> au journal Epoch Times qu\u2019il s\u2019agissait d\u2019une \u00ab d\u00e9cision d\u00e9chirante \u00bb et d\u2019une \u00e9tape n\u00e9cessaire pour accomplir sa mission de sauver les Am\u00e9ricains de l\u2019\u00e9pid\u00e9mie de maladies chroniques.<\/p>\n\n\n\n<p>Dans le cadre de la campagne \u00ab Make America Healthy Again \u00bb, Kennedy entend r\u00e9duire ce qu&rsquo;il appelle l&rsquo;\u00e9pid\u00e9mie de maladies chroniques en s&rsquo;attaquant \u00e0 ce que l&rsquo;on appelle l&#8217;emprise des entreprises sur les agences f\u00e9d\u00e9rales de sant\u00e9 et en supprimant les produits chimiques toxiques de l&rsquo;approvisionnement alimentaire du pays, entre autres objectifs.<\/p>\n\n\n\n<p>Avant d&rsquo;annoncer sa candidature \u00e0 la pr\u00e9sidence en avril 2023, Kennedy \u00e9tait pr\u00e9sident de Children&rsquo;s Health Defense (CHD), une organisation \u00e0 but non lucratif vou\u00e9e \u00e0 l&rsquo;\u00e9limination des expositions toxiques qui nuisent aux enfants et \u00e0 la promotion de la s\u00e9curit\u00e9 des vaccins.<\/p>\n\n\n<div class=\"wp-block-image\">\n<figure class=\"aligncenter size-large is-resized\"><img  title=\"\" decoding=\"async\" src=\"https:\/\/www.theepochtimes.com\/_next\/image?url=https%3A%2F%2Fimg.theepochtimes.com%2Fassets%2Fuploads%2F2024%2F09%2F11%2Fid5721904-09102024-DSC08334-RFK-JR-600x400.jpg&amp;w=1200&amp;q=75\"  alt=\"image?url=https%3A%2F%2Fimg.theepochtimes.com%2Fassets%2Fuploads%2F2024%2F09%2F11%2Fid5721904-09102024-DSC08334-RFK-JR-600x400 Trump annonce que RFK Jr. explorera le lien entre vaccins et autisme comme secr\u00e9taire d&#039;\u00c9tat \u00e0 la Sant\u00e9.\"  style=\"width:840px;height:auto\"\/><figcaption class=\"wp-element-caption\">Robert F. Kennedy Jr. s&rsquo;adresse aux journalistes au centre d&rsquo;archivage des m\u00e9dias et \u00e0 la salle de discussion du Pennsylvania Convention Center avant le d\u00e9bat pr\u00e9sidentiel entre le candidat r\u00e9publicain, l&rsquo;ancien pr\u00e9sident Donald J. Trump, et la vice-pr\u00e9sidente candidate d\u00e9mocrate Kamala Harris \u00e0 Philadelphie, le 10 septembre 2024. Madalina Vasiliu\/The Epoch Times<\/figcaption><\/figure>\n<\/div>\n\n\n<p>Il a cofond\u00e9 le <a href=\"https:\/\/childrenshealthdefense.org\/about-us\/history-of-chd\/\" target=\"_blank\" rel=\"noreferrer noopener\">World Mercury Project<\/a> en 2016 dans le but d&rsquo;\u00e9liminer le mercure neurotoxique des poissons, des produits m\u00e9dicaux, des amalgames dentaires et des vaccins, et de faire de la science solide le moteur des politiques publiques, selon le site Web du CHD.<\/p>\n\n\n\n<p>Le World Mercury Project est devenu Children&rsquo;s Health Defense en 2018. Les quatre piliers de l&rsquo;organisation comprennent le plaidoyer, l&rsquo;\u00e9ducation, le contentieux et la science.Le 4 d\u00e9cembre, Kennedy a soumis sa <a href=\"https:\/\/childrenshealthdefense.org\/wp-content\/uploads\/RFK-CHD-Resignation-letter.pdf\" target=\"_blank\" rel=\"noreferrer noopener\">lettre de d\u00e9mission<\/a> au CHD.<\/p>\n\n\n\n<p>\u00ab L\u2019une de mes priorit\u00e9s les plus importantes est de faire en sorte que les agences que je supervise offrent un meilleur acc\u00e8s aux opinions scientifiques et aux politiques publiques des minorit\u00e9s \u00bb, a-t-il \u00e9crit.<\/p>\n\n\n\n<p>\u00ab Je vous promets, ainsi qu\u2019aux membres du CHD, d\u2019apporter une nouvelle ouverture et une nouvelle inclusion au secteur de la sant\u00e9 et des sciences du gouvernement, \u00e0 la fois en recevant les commentaires du public et de toutes les parties prenantes, et en diffusant les informations et les donn\u00e9es collect\u00e9es par ces agences. \u00bb<\/p>\n\n\n\n<p>Plusieurs r\u00e9publicains ont salu\u00e9 la d\u00e9cision de Trump de nommer Kennedy au poste de secr\u00e9taire au HHS.<\/p>\n\n\n\n<p>Certains critiques se sont oppos\u00e9s \u00e0 la nomination parce qu\u2019ils consid\u00e9raient Kennedy comme un anti-vaccin ou un anti-science \u2013 des affirmations qui, selon Kennedy, ne sont pas vraies.<\/p>\n\n\n\n<p>Le repr\u00e9sentant Robert Garcia (D\u00e9mocrate de Californie) a qualifi\u00e9 Kennedy de th\u00e9oricien du complot et a d\u00e9clar\u00e9 qu\u2019il \u00ab d\u00e9truirait notre infrastructure de sant\u00e9 publique et nos syst\u00e8mes de distribution de vaccins \u00bb.<\/p>\n\n\n\n<p>Peter G. Lurie, pr\u00e9sident du Center for Science in the Public Interest, a d\u00e9clar\u00e9 dans un communiqu\u00e9 que le centre \u00ab s&rsquo;oppose \u00e0 cette nomination \u00bb et que \u00ab nommer un anti-vaccin comme Kennedy au HHS, c&rsquo;est comme mettre un partisan de la Terre plate \u00e0 la t\u00eate de la NASA \u00bb.<\/p>\n\n\n\n<p>Kennedy a toujours d\u00e9clar\u00e9 qu\u2019il n\u2019\u00e9tait pas contre les vaccins et qu\u2019il d\u00e9fendait la s\u00e9curit\u00e9 des vaccins et le consentement \u00e9clair\u00e9.<\/p>\n\n\n\n<p>Pour les parents et les d\u00e9fenseurs de la s\u00e9curit\u00e9 des vaccins tels que MaryJo Perry et Scott Shoemaker, il est grand temps d\u2019\u00e9tudier en profondeur les liens potentiels entre les vaccins infantiles et l\u2019autisme.<\/p>\n\n\n\n<p>\u00ab Je ne comprends pas l\u2019hyst\u00e9rie suscit\u00e9e par son projet d\u2019\u00e9tudier en profondeur la question et de la r\u00e9gler enfin \u00bb, a d\u00e9clar\u00e9 Perry, pr\u00e9sident de Mississippi Parents for Vaccine Rights. \u00ab Pourquoi quelqu\u2019un aurait-il peur de conna\u00eetre la v\u00e9rit\u00e9 ? \u00bb<\/p>\n\n\n\n<p>Shoemaker a d\u00e9clar\u00e9 que son fils avait \u00e9t\u00e9 diagnostiqu\u00e9 autiste \u00e0 l&rsquo;\u00e2ge de 15 mois et qu&rsquo;il avait invers\u00e9 la maladie en supprimant l&#8217;empoisonnement aux m\u00e9taux toxiques.<\/p>\n\n\n\n<p>\u00ab En tant que parents, ne devrions-nous pas vouloir savoir si ce que nous laissons p\u00e9n\u00e9trer dans le corps de nos enfants est sans danger ? \u00bb, a d\u00e9clar\u00e9 Shoemaker, pr\u00e9sident de Health Freedom Ohio.Facebook a supprim\u00e9 une <a href=\"http:\/\/www.shoemaker.us\/\" target=\"_blank\" rel=\"noreferrer noopener\">vid\u00e9o<\/a> de 2019 qu&rsquo;il avait publi\u00e9e sur les changements, a-t-il d\u00e9clar\u00e9 \u00e0 Epoch Times.<\/p>\n\n\n\n<p>\u00ab Mon fils a re\u00e7u le vaccin RRO \u00bb, a d\u00e9clar\u00e9 Shoemaker. \u00ab Il est rest\u00e9 au lit pendant deux semaines avant de rentrer \u00e0 la maison. \u00c0 l&rsquo;\u00e9poque, je n&rsquo;\u00e9tais pas inqui\u00e8te, car le m\u00e9decin avait dit avant le vaccin que certains enfants avaient des probl\u00e8mes avec ce vaccin et qu&rsquo;ils pouvaient se sentir malades.<\/p>\n\n\n\n<p>\u00ab Il \u00e9tait diff\u00e9rent apr\u00e8s l\u2019injection. Il ne parlait pas et ne nous regardait pas dans les yeux. C\u2019\u00e9tait difficile d\u2019attirer son attention. J\u2019ai v\u00e9cu ce que vivent la plupart des parents d\u2019enfants vaccin\u00e9s avec des professionnels de la sant\u00e9. On nous manipule et on nous dit qu\u2019ils ne savent pas ce qui a caus\u00e9 l\u2019autisme, mais ce ne sont pas les vaccins qui sont \u00e0 l\u2019origine du probl\u00e8me. \u00bb<\/p>\n\n\n\n<p>Sign\u00e9 par le pr\u00e9sident Ronald Reagan, le National Childhood Vaccine Injury Act de 1986 a \u00e9limin\u00e9 la responsabilit\u00e9 potentielle des fabricants de vaccins en cas de r\u00e9clamations pour pr\u00e9judices li\u00e9s aux vaccins. Perry et Shoemaker ont d\u00e9clar\u00e9 qu&rsquo;ils aimeraient que les soci\u00e9t\u00e9s pharmaceutiques soient tenues responsables si leurs produits blessent les receveurs. Ils esp\u00e8rent \u00e9galement que, sous Kennedy, le programme de vaccination du CDC sera r\u00e9vis\u00e9. <\/p>\n\n\n\n<p>Selon <a href=\"https:\/\/childrenshealthdefense.org\/vaccine-curriculum\/\" target=\"_blank\" rel=\"noreferrer noopener\">Children&rsquo;s Health Defense<\/a> , il n&rsquo;y a pas eu d&rsquo;\u00e9tude de s\u00e9curit\u00e9 en double aveugle contr\u00f4l\u00e9e par placebo sur les vaccins pour nourrissons.<\/p>\n\n\n\n<p>\u00ab Cela doit se produire \u00bb, a d\u00e9clar\u00e9 Perry au journal Epoch Times. \u00ab Les soci\u00e9t\u00e9s pharmaceutiques n\u2019ont aucune responsabilit\u00e9 \u00e0 assumer. Cela doit changer. \u00bb<\/p>\n\n\n\n<p>Perry a d\u00e9clar\u00e9 qu\u2019elle pensait qu\u2019aucun vaccin ne devrait \u00eatre obligatoire.<\/p>\n\n\n\n<p>\u00ab Si c&rsquo;est bon et s\u00fbr, les parents l&rsquo;utiliseront \u00bb, a-t-elle d\u00e9clar\u00e9. \u00ab Vous n&rsquo;aurez pas \u00e0 contraindre les parents si c&rsquo;est bon et s\u00fbr. \u00bb<\/p>\n\n\n\n<p>Shoemaker a d\u00e9clar\u00e9 qu&rsquo;il \u00e9tait d&rsquo;accord.<\/p>\n\n\n\n<p>\u00ab L\u2019essentiel, c\u2019est que nous voulons la v\u00e9rit\u00e9 \u00bb, a-t-il d\u00e9clar\u00e9. \u00ab Nous voulons des produits s\u00fbrs pour nos enfants. Nous ne voulons pas que les grandes soci\u00e9t\u00e9s pharmaceutiques se contentent d\u2019affirmer que les vaccins sont s\u00fbrs et efficaces sans pouvoir pr\u00e9senter d\u2019\u00e9tudes impartiales. \u00bb<\/p>\n\n\n\n<p>\u00ab Les agences gouvernementales nous disent que la science est \u00e9tablie, mais cela est contraire \u00e0 l\u2019objectif de la science : tester, retester, \u00e9tudier et faire \u00e9voluer. \u00bb<\/p>\n\n\n\n<p>Shoemaker a d\u00e9clar\u00e9 que Kennedy \u00e9tait la personne id\u00e9ale pour apporter les changements que les parents souhaitent voir.<\/p>\n\n\n\n<p>\u00ab Il n\u2019est pas li\u00e9 aux grandes soci\u00e9t\u00e9s pharmaceutiques \u00bb, a d\u00e9clar\u00e9 Shoemaker. \u00ab Il veut simplement conna\u00eetre la v\u00e9rit\u00e9 et n\u2019a pas peur de faire ce qu\u2019il faut pour y parvenir. \u00bb<\/p>\n\n\n\n<p>Kennedy devra se soumettre \u00e0 une audition de confirmation devant la commission des finances du S\u00e9nat, qui devrait \u00eatre pr\u00e9sid\u00e9e par le s\u00e9nateur Mike Crapo (R-Idaho). Le S\u00e9nat dans son ensemble se prononcera sur sa nomination si elle est approuv\u00e9e par cette commission.<\/p>\n\n\n\n<p>Kennedy a d\u00e9clar\u00e9 qu&rsquo;il pensait que peu de choses changeraient tant que l&rsquo;influence des grandes entreprises ou des soci\u00e9t\u00e9s priv\u00e9es sur la FDA, le CDC et le minist\u00e8re de l&rsquo;Agriculture ne serait pas abord\u00e9e.<\/p>\n\n\n\n<p>Lors d\u2019une interview accord\u00e9e au journal Epoch Times l\u2019ann\u00e9e derni\u00e8re, il a expliqu\u00e9 sa position.<\/p>\n\n\n\n<p>\u00ab Je n\u2019ai jamais \u00e9t\u00e9 contre les vaccins. Les gens devraient avoir le choix, et ce choix devrait \u00eatre \u00e9clair\u00e9 par les meilleures informations possibles \u00bb, a-t-il d\u00e9clar\u00e9. \u00ab Je vais veiller \u00e0 ce que des \u00e9tudes scientifiques sur la s\u00e9curit\u00e9 soient disponibles et que les gens puissent \u00e9valuer eux-m\u00eames si un vaccin est bon pour eux. \u00bb<\/p>\n\n\n\n<p>Source : <a href=\"https:\/\/www.theepochtimes.com\/us\/trump-says-rfk-jr-will-study-possible-link-between-childhood-vaccines-and-autism-as-hhs-secretary-5773571\" target=\"_blank\" rel=\"noreferrer noopener\">Thee poch times<\/a><\/p>\n\n\n<div class=\"wp-block-post-author\"><div class=\"wp-block-post-author__avatar\"><img  title=\"\"  alt=\"7c5e5078f8861520ef3df1ccf8400814a2675ee2e617efab58921c4972166788?s=48&#038;d=mm&#038;r=g Trump annonce que RFK Jr. explorera le lien entre vaccins et autisme comme secr\u00e9taire d&#039;\u00c9tat \u00e0 la Sant\u00e9.\" alt='' src='https:\/\/secure.gravatar.com\/avatar\/7c5e5078f8861520ef3df1ccf8400814a2675ee2e617efab58921c4972166788?s=48&#038;d=mm&#038;r=g' srcset='https:\/\/secure.gravatar.com\/avatar\/7c5e5078f8861520ef3df1ccf8400814a2675ee2e617efab58921c4972166788?s=96&#038;d=mm&#038;r=g 2x' class='avatar avatar-48 photo' height='48' width='48' \/><\/div><div class=\"wp-block-post-author__content\"><p class=\"wp-block-post-author__byline\"><a href=\"https:\/\/radiovolume7.com\/\">RV7 NEWS<\/a><\/p><p class=\"wp-block-post-author__name\">RV7<\/p><\/div><\/div>\n\n\n<hr class=\"wp-block-separator has-alpha-channel-opacity\"\/>\n\n\n\n<figure class=\"wp-block-image size-full is-resized\"><img  title=\"\" loading=\"lazy\" decoding=\"async\" width=\"780\" height=\"230\" src=\"http:\/\/radiovolume7.com\/wp-content\/uploads\/2023\/12\/000007Ba-2nderoleOriginaleRV7Mix-000.jpg\"  alt=\"000007Ba-2nderoleOriginaleRV7Mix-000 Trump annonce que RFK Jr. explorera le lien entre vaccins et autisme comme secr\u00e9taire d&#039;\u00c9tat \u00e0 la Sant\u00e9.\"  class=\"wp-image-1050\" style=\"width:840px;height:auto\" srcset=\"http:\/\/radiovolume7.com\/wp-content\/uploads\/2023\/12\/000007Ba-2nderoleOriginaleRV7Mix-000.jpg 780w, http:\/\/radiovolume7.com\/wp-content\/uploads\/2023\/12\/000007Ba-2nderoleOriginaleRV7Mix-000-300x88.jpg 300w, http:\/\/radiovolume7.com\/wp-content\/uploads\/2023\/12\/000007Ba-2nderoleOriginaleRV7Mix-000-768x226.jpg 768w\" sizes=\"auto, (max-width: 780px) 100vw, 780px\" \/><\/figure>\n\n\n\n<hr class=\"wp-block-separator has-alpha-channel-opacity\"\/>\n\n\n<div class=\"wp-block-ub-social-share\" id=\"ub-social-share-0738219a-58da-49f0-b4df-0a70b5e83c24\">\n\t\t\t<div class=\"social-share-icons align-icons-center orientation-icons-row\"><a aria-label=\"facebook-logo\" target=\"_blank\" rel=\"nofollow\" href=\"https:\/\/www.facebook.com\/sharer\/sharer.php?u=http%3A%2F%2Fradiovolume7.com%2F%3Fp%3D1938&amp;title=Trump%20annonce%20que%20RFK%20Jr.%20explorera%20le%20lien%20entre%20vaccins%20et%20autisme%20comme%20secr%C3%A9taire%20d%26rsquo%3B%C3%89tat%20%C3%A0%20la%20Sant%C3%A9.\" class=\"ub-social-share-facebook-container\" style=\"border-color: #1877f2; background-color: transparent; box-shadow: none; \">\n\t\t\t\t<span class=\"social-share-icon ub-social-share-facebook\" style=\"width: 30px; height: 30px; \"><svg xmlns=\"http:\/\/www.w3.org\/2000\/svg\" style=\"fill:#1877f2\" fill=\"#1877f2\" width=\"20\" height=\"20\" viewbox=\"0 0 264 512\"><path d=\"M76.7 512V283H0v-91h76.7v-71.7C76.7 42.4 124.3 0 193.8 0c33.3 0 61.9 2.5 70.2 3.6V85h-48.2c-37.8 0-45.1 18-45.1 44.3V192H256l-11.7 91h-73.6v229\"><\/path><\/svg><\/span><span style=\"\">partager<\/span>\n\t\t\t<\/a><a aria-label=\"twitter-logo\" target=\"_blank\" rel=\"nofollow\" href=\"http:\/\/twitter.com\/intent\/tweet?url=http%3A%2F%2Fradiovolume7.com%2F%3Fp%3D1938&amp;text=Trump%20annonce%20que%20RFK%20Jr.%20explorera%20le%20lien%20entre%20vaccins%20et%20autisme%20comme%20secr%C3%A9taire%20d%26rsquo%3B%C3%89tat%20%C3%A0%20la%20Sant%C3%A9.\" class=\"ub-social-share-twitter-container\" style=\"border-color: #1d9bf0; background-color: transparent; box-shadow: none; \">\n\t\t\t\t<span class=\"social-share-icon ub-social-share-twitter\" style=\"width: 30px; height: 30px; \"><svg xmlns=\"http:\/\/www.w3.org\/2000\/svg\" style=\"color:#1d9BF0\" fill=\"#1d9BF0\" width=\"20\" height=\"20\" viewbox=\"0 0 24 24\"><path d=\"M18.901 1.153h3.68l-8.04 9.19L24 22.846h-7.406l-5.8-7.584l-6.638 7.584H.474l8.6-9.83L0 1.154h7.594l5.243 6.932ZM17.61 20.644h2.039L6.486 3.24H4.298Z\"><\/path><\/svg><\/span><span style=\"\">tweet<\/span>\n\t\t\t<\/a><a aria-label=\"linkedin-logo\" target=\"_blank\" rel=\"nofollow\" href=\"https:\/\/www.linkedin.com\/sharing\/share-offsite\/?url=http%3A%2F%2Fradiovolume7.com%2F%3Fp%3D1938\" class=\"ub-social-share-linkedin-container\" style=\"border-color: #2867b2; background-color: transparent; box-shadow: none; \">\n\t\t\t\t<span class=\"social-share-icon ub-social-share-linkedin\" style=\"width: 30px; height: 30px; \"><svg xmlns=\"http:\/\/www.w3.org\/2000\/svg\" style=\"fill:#2867b2\" fill=\"#2867b2\" width=\"20\" height=\"20\" viewbox=\"0 0 448 512\"><path d=\"M100.3 480H7.4V180.9h92.9V480zM53.8 140.1C24.1 140.1 0 115.5 0 85.8 0 56.1 24.1 32 53.8 32c29.7 0 53.8 24.1 53.8 53.8 0 29.7-24.1 54.3-53.8 54.3zM448 480h-92.7V334.4c0-34.7-.7-79.2-48.3-79.2-48.3 0-55.7 37.7-55.7 76.7V480h-92.8V180.9h89.1v40.8h1.3c12.4-23.5 42.7-48.3 87.9-48.3 94 0 111.3 61.9 111.3 142.3V480z\"><\/path><\/svg><\/span><span style=\"\">partager<\/span>\n\t\t\t<\/a><a aria-label=\"pinterest-logo\" target=\"_blank\" rel=\"nofollow\" href=\"https:\/\/pinterest.com\/pin\/create\/button\/?&amp;url=http%3A%2F%2Fradiovolume7.com%2F%3Fp%3D1938&amp;description=Trump%20annonce%20que%20RFK%20Jr.%20explorera%20le%20lien%20entre%20vaccins%20et%20autisme%20comme%20secr%C3%A9taire%20d%26rsquo%3B%C3%89tat%20%C3%A0%20la%20Sant%C3%A9.&amp;media=http:\/\/radiovolume7.com\/wp-content\/uploads\/2024\/12\/Trump-RFK-Jr-GettyImages-2184070012-LSedit-1080x720-1-1024x683.jpg\" class=\"ub-social-share-pinterest-container\" style=\"border-color: #e60023; background-color: transparent; box-shadow: none; \">\n\t\t\t\t<span class=\"social-share-icon ub-social-share-pinterest\" style=\"width: 30px; height: 30px; \"><svg xmlns=\"http:\/\/www.w3.org\/2000\/svg\" style=\"fill:#e60023\" fill=\"#e60023\" width=\"20\" height=\"20\" viewbox=\"0 0 384 512\"><path d=\"M204 6.5C101.4 6.5 0 74.9 0 185.6 0 256 39.6 296 63.6 296c9.9 0 15.6-27.6 15.6-35.4 0-9.3-23.7-29.1-23.7-67.8 0-80.4 61.2-137.4 140.4-137.4 68.1 0 118.5 38.7 118.5 109.8 0 53.1-21.3 152.7-90.3 152.7-24.9 0-46.2-18-46.2-43.8 0-37.8 26.4-74.4 26.4-113.4 0-66.2-93.9-54.2-93.9 25.8 0 16.8 2.1 35.4 9.6 50.7-13.8 59.4-42 147.9-42 209.1 0 18.9 2.7 37.5 4.5 56.4 3.4 3.8 1.7 3.4 6.9 1.5 50.4-69 48.6-82.5 71.4-172.8 12.3 23.4 44.1 36 69.3 36 106.2 0 153.9-103.5 153.9-196.8C384 71.3 298.2 6.5 204 6.5z\"><\/path><\/svg><\/span><span style=\"\">pin<\/span>\n\t\t\t<\/a><a aria-label=\"reddit-logo\" target=\"_blank\" rel=\"nofollow\" href=\"http:\/\/www.reddit.com\/submit?url=http%3A%2F%2Fradiovolume7.com%2F%3Fp%3D1938&amp;title=Trump%20annonce%20que%20RFK%20Jr.%20explorera%20le%20lien%20entre%20vaccins%20et%20autisme%20comme%20secr%C3%A9taire%20d%26rsquo%3B%C3%89tat%20%C3%A0%20la%20Sant%C3%A9.\" class=\"ub-social-share-reddit-container\" style=\"border-color: #ff4500; background-color: transparent; box-shadow: none; \">\n\t\t\t\t<span class=\"social-share-icon ub-social-share-reddit\" style=\"width: 30px; height: 30px; \"><svg xmlns=\"http:\/\/www.w3.org\/2000\/svg\" style=\"fill:#ff4500\" fill=\"#ff4500\" width=\"20\" height=\"20\" viewbox=\"0 0 512 512\"><path d=\"M440.3 203.5c-15 0-28.2 6.2-37.9 15.9-35.7-24.7-83.8-40.6-137.1-42.3L293 52.3l88.2 19.8c0 21.6 17.6 39.2 39.2 39.2 22 0 39.7-18.1 39.7-39.7s-17.6-39.7-39.7-39.7c-15.4 0-28.7 9.3-35.3 22l-97.4-21.6c-4.9-1.3-9.7 2.2-11 7.1L246.3 177c-52.9 2.2-100.5 18.1-136.3 42.8-9.7-10.1-23.4-16.3-38.4-16.3-55.6 0-73.8 74.6-22.9 100.1-1.8 7.9-2.6 16.3-2.6 24.7 0 83.8 94.4 151.7 210.3 151.7 116.4 0 210.8-67.9 210.8-151.7 0-8.4-.9-17.2-3.1-25.1 49.9-25.6 31.5-99.7-23.8-99.7zM129.4 308.9c0-22 17.6-39.7 39.7-39.7 21.6 0 39.2 17.6 39.2 39.7 0 21.6-17.6 39.2-39.2 39.2-22 .1-39.7-17.6-39.7-39.2zm214.3 93.5c-36.4 36.4-139.1 36.4-175.5 0-4-3.5-4-9.7 0-13.7 3.5-3.5 9.7-3.5 13.2 0 27.8 28.5 120 29 149 0 3.5-3.5 9.7-3.5 13.2 0 4.1 4 4.1 10.2.1 13.7zm-.8-54.2c-21.6 0-39.2-17.6-39.2-39.2 0-22 17.6-39.7 39.2-39.7 22 0 39.7 17.6 39.7 39.7-.1 21.5-17.7 39.2-39.7 39.2z\"><\/path><\/svg><\/span><span style=\"\">post<\/span>\n\t\t\t<\/a><a aria-label=\"tumblr-logo\" target=\"_blank\" rel=\"nofollow\" href=\"https:\/\/www.tumblr.com\/widgets\/share\/tool?canonicalUrl=http%3A%2F%2Fradiovolume7.com%2F%3Fp%3D1938&amp;title=Trump%20annonce%20que%20RFK%20Jr.%20explorera%20le%20lien%20entre%20vaccins%20et%20autisme%20comme%20secr%C3%A9taire%20d%26rsquo%3B%C3%89tat%20%C3%A0%20la%20Sant%C3%A9.\" class=\"ub-social-share-tumblr-container\" style=\"border-color: #001935; background-color: transparent; box-shadow: none; \">\n\t\t\t\t<span class=\"social-share-icon ub-social-share-tumblr\" style=\"width: 30px; height: 30px; \"><svg xmlns=\"http:\/\/www.w3.org\/2000\/svg\" style=\"fill:#001935\" fill=\"#001935\" width=\"20\" height=\"20\" viewbox=\"0 0 320 512\"><path d=\"M309.8 480.3c-13.6 14.5-50 31.7-97.4 31.7-120.8 0-147-88.8-147-140.6v-144H17.9c-5.5 0-10-4.5-10-10v-68c0-7.2 4.5-13.6 11.3-16 62-21.8 81.5-76 84.3-117.1.8-11 6.5-16.3 16.1-16.3h70.9c5.5 0 10 4.5 10 10v115.2h83c5.5 0 10 4.4 10 9.9v81.7c0 5.5-4.5 10-10 10h-83.4V360c0 34.2 23.7 53.6 68 35.8 4.8-1.9 9-3.2 12.7-2.2 3.5.9 5.8 3.4 7.4 7.9l22 64.3c1.8 5 3.3 10.6-.4 14.5z\"><\/path><\/svg><\/span><span style=\"\">partager<\/span>\n\t\t\t<\/a><\/div>\n\t\t<\/div>\n\n\n<p><\/p>\n","protected":false},"excerpt":{"rendered":"<p>Trump d\u00e9clare que RFK Jr. \u00e9tudiera le lien possible entre les vaccins infantiles et l&rsquo;autisme en tant que secr\u00e9taire d&rsquo;\u00c9tat \u00e0 la Sant\u00e9 et aux Services Sociaux \u00ab Je pense que quelqu&rsquo;un doit trouver la r\u00e9ponse. Si vous remontez 25 ans en arri\u00e8re, il y avait tr\u00e8s peu d&rsquo;autisme. Maintenant, c&rsquo;est le cas \u00bb, a [&hellip;]<\/p>\n","protected":false},"author":1,"featured_media":1939,"comment_status":"open","ping_status":"open","sticky":false,"template":"","format":"standard","meta":{"fifu_image_url":"","fifu_image_alt":"","footnotes":""},"categories":[34,12,2,3],"tags":[],"class_list":["post-1938","post","type-post","status-publish","format-standard","has-post-thumbnail","hentry","category-amerique","category-internationale","category-sante","category-societe"],"featured_image_src":"http:\/\/radiovolume7.com\/wp-content\/uploads\/2024\/12\/Trump-RFK-Jr-GettyImages-2184070012-LSedit-1080x720-1.jpg","author_info":{"display_name":"RV7","author_link":"http:\/\/radiovolume7.com\/?author=1"},"yoast_head":"<!-- This site is optimized with the Yoast SEO plugin v27.5 - https:\/\/yoast.com\/product\/yoast-seo-wordpress\/ -->\n<title>Trump annonce que RFK Jr. explorera le lien entre vaccins et autisme comme secr\u00e9taire d&#039;\u00c9tat \u00e0 la Sant\u00e9. - RADIO VOLUME 7<\/title>\n<meta name=\"description\" content=\"Le pr\u00e9sident \u00e9lu Donald Trump a d\u00e9clar\u00e9 le 8 d\u00e9cembre qu&#039;il donnerait \u00e0 Robert F. Kennedy Jr. la libert\u00e9 d&#039;enqu\u00eater sur le lien potentiel entre les vaccins et l&#039;autisme si ce dernier obtient la confirmation du S\u00e9nat pour devenir secr\u00e9taire \u00e0 la Sant\u00e9 et aux Services sociaux (HHS).\" \/>\n<meta name=\"robots\" content=\"index, follow, max-snippet:-1, max-image-preview:large, max-video-preview:-1\" \/>\n<link rel=\"canonical\" href=\"http:\/\/radiovolume7.com\/?p=1938\" \/>\n<meta property=\"og:locale\" content=\"fr_FR\" \/>\n<meta property=\"og:type\" content=\"article\" \/>\n<meta property=\"og:title\" content=\"Trump annonce que RFK Jr. explorera le lien entre vaccins et autisme comme secr\u00e9taire d&#039;\u00c9tat \u00e0 la Sant\u00e9.\" \/>\n<meta property=\"og:description\" content=\"Le pr\u00e9sident \u00e9lu Donald Trump a d\u00e9clar\u00e9 le 8 d\u00e9cembre qu&#039;il donnerait \u00e0 Robert F. Kennedy Jr. la libert\u00e9 d&#039;enqu\u00eater sur le lien potentiel entre les vaccins et l&#039;autisme si ce dernier obtient la confirmation du S\u00e9nat pour devenir secr\u00e9taire \u00e0 la Sant\u00e9 et aux Services sociaux (HHS).\" \/>\n<meta property=\"og:url\" content=\"http:\/\/radiovolume7.com\/?p=1938\" \/>\n<meta property=\"og:site_name\" content=\"RADIO VOLUME 7\" \/>\n<meta property=\"article:publisher\" content=\"https:\/\/www.facebook.com\/rv7news.sat\" \/>\n<meta property=\"article:published_time\" content=\"2024-12-13T19:22:59+00:00\" \/>\n<meta property=\"article:modified_time\" content=\"2024-12-13T19:23:08+00:00\" \/>\n<meta property=\"og:image\" content=\"http:\/\/radiovolume7.com\/wp-content\/uploads\/2024\/12\/Trump-RFK-Jr-GettyImages-2184070012-LSedit-1080x720-1.jpg\" \/>\n\t<meta property=\"og:image:width\" content=\"1080\" \/>\n\t<meta property=\"og:image:height\" content=\"720\" \/>\n\t<meta property=\"og:image:type\" content=\"image\/jpeg\" \/>\n<meta name=\"author\" content=\"RV7\" \/>\n<meta name=\"twitter:card\" content=\"summary_large_image\" \/>\n<meta name=\"twitter:title\" content=\"Trump annonce que RFK Jr. explorera le lien entre vaccins et autisme comme secr\u00e9taire d&#039;\u00c9tat \u00e0 la Sant\u00e9.\" \/>\n<meta name=\"twitter:description\" content=\"Le pr\u00e9sident \u00e9lu Donald Trump a d\u00e9clar\u00e9 le 8 d\u00e9cembre qu&#039;il donnerait \u00e0 Robert F. Kennedy Jr. la libert\u00e9 d&#039;enqu\u00eater sur le lien potentiel entre les vaccins et l&#039;autisme si ce dernier obtient la confirmation du S\u00e9nat pour devenir secr\u00e9taire \u00e0 la Sant\u00e9 et aux Services sociaux (HHS).\" \/>\n<meta name=\"twitter:image\" content=\"http:\/\/radiovolume7.com\/wp-content\/uploads\/2024\/12\/Trump-RFK-Jr-GettyImages-2184070012-LSedit-1080x720-1.jpg\" \/>\n<meta name=\"twitter:creator\" content=\"@rv7_news\" \/>\n<meta name=\"twitter:site\" content=\"@rv7_news\" \/>\n<meta name=\"twitter:label1\" content=\"\u00c9crit par\" \/>\n\t<meta name=\"twitter:data1\" content=\"RV7\" \/>\n\t<meta name=\"twitter:label2\" content=\"Dur\u00e9e de lecture estim\u00e9e\" \/>\n\t<meta name=\"twitter:data2\" content=\"9 minutes\" \/>\n<script type=\"application\/ld+json\" class=\"yoast-schema-graph\">{\"@context\":\"https:\\\/\\\/schema.org\",\"@graph\":[{\"@type\":\"Article\",\"@id\":\"http:\\\/\\\/radiovolume7.com\\\/?p=1938#article\",\"isPartOf\":{\"@id\":\"http:\\\/\\\/radiovolume7.com\\\/?p=1938\"},\"author\":{\"name\":\"RV7\",\"@id\":\"https:\\\/\\\/radiovolume7.com\\\/#\\\/schema\\\/person\\\/dd927c4c572fe24bc1b6739dc61c4e78\"},\"headline\":\"Trump annonce que RFK Jr. explorera le lien entre vaccins et autisme comme secr\u00e9taire d&rsquo;\u00c9tat \u00e0 la Sant\u00e9.\",\"datePublished\":\"2024-12-13T19:22:59+00:00\",\"dateModified\":\"2024-12-13T19:23:08+00:00\",\"mainEntityOfPage\":{\"@id\":\"http:\\\/\\\/radiovolume7.com\\\/?p=1938\"},\"wordCount\":1832,\"commentCount\":0,\"publisher\":{\"@id\":\"https:\\\/\\\/radiovolume7.com\\\/#organization\"},\"image\":{\"@id\":\"http:\\\/\\\/radiovolume7.com\\\/?p=1938#primaryimage\"},\"thumbnailUrl\":\"http:\\\/\\\/radiovolume7.com\\\/wp-content\\\/uploads\\\/2024\\\/12\\\/Trump-RFK-Jr-GettyImages-2184070012-LSedit-1080x720-1.jpg\",\"articleSection\":[\"Am\u00e9rique\",\"Internationale\",\"Sant\u00e9\",\"Soci\u00e9t\u00e9\"],\"inLanguage\":\"fr-FR\",\"potentialAction\":[{\"@type\":\"CommentAction\",\"name\":\"Comment\",\"target\":[\"http:\\\/\\\/radiovolume7.com\\\/?p=1938#respond\"]}]},{\"@type\":\"WebPage\",\"@id\":\"http:\\\/\\\/radiovolume7.com\\\/?p=1938\",\"url\":\"http:\\\/\\\/radiovolume7.com\\\/?p=1938\",\"name\":\"Trump annonce que RFK Jr. explorera le lien entre vaccins et autisme comme secr\u00e9taire d'\u00c9tat \u00e0 la Sant\u00e9. - RADIO VOLUME 7\",\"isPartOf\":{\"@id\":\"https:\\\/\\\/radiovolume7.com\\\/#website\"},\"primaryImageOfPage\":{\"@id\":\"http:\\\/\\\/radiovolume7.com\\\/?p=1938#primaryimage\"},\"image\":{\"@id\":\"http:\\\/\\\/radiovolume7.com\\\/?p=1938#primaryimage\"},\"thumbnailUrl\":\"http:\\\/\\\/radiovolume7.com\\\/wp-content\\\/uploads\\\/2024\\\/12\\\/Trump-RFK-Jr-GettyImages-2184070012-LSedit-1080x720-1.jpg\",\"datePublished\":\"2024-12-13T19:22:59+00:00\",\"dateModified\":\"2024-12-13T19:23:08+00:00\",\"description\":\"Le pr\u00e9sident \u00e9lu Donald Trump a d\u00e9clar\u00e9 le 8 d\u00e9cembre qu'il donnerait \u00e0 Robert F. Kennedy Jr. la libert\u00e9 d'enqu\u00eater sur le lien potentiel entre les vaccins et l'autisme si ce dernier obtient la confirmation du S\u00e9nat pour devenir secr\u00e9taire \u00e0 la Sant\u00e9 et aux Services sociaux (HHS).\",\"breadcrumb\":{\"@id\":\"http:\\\/\\\/radiovolume7.com\\\/?p=1938#breadcrumb\"},\"inLanguage\":\"fr-FR\",\"potentialAction\":[{\"@type\":\"ReadAction\",\"target\":[\"http:\\\/\\\/radiovolume7.com\\\/?p=1938\"]}]},{\"@type\":\"ImageObject\",\"inLanguage\":\"fr-FR\",\"@id\":\"http:\\\/\\\/radiovolume7.com\\\/?p=1938#primaryimage\",\"url\":\"http:\\\/\\\/radiovolume7.com\\\/wp-content\\\/uploads\\\/2024\\\/12\\\/Trump-RFK-Jr-GettyImages-2184070012-LSedit-1080x720-1.jpg\",\"contentUrl\":\"http:\\\/\\\/radiovolume7.com\\\/wp-content\\\/uploads\\\/2024\\\/12\\\/Trump-RFK-Jr-GettyImages-2184070012-LSedit-1080x720-1.jpg\",\"width\":1080,\"height\":720,\"caption\":\"(\u00c0 gauche) Le pr\u00e9sident \u00e9lu Donald Trump. (\u00c0 droite) Robert F. Kennedy Jr. Trump a nomm\u00e9 le 14 novembre dernier Robert F. Kennedy au poste de secr\u00e9taire \u00e0 la Sant\u00e9 et aux Services sociaux. Saul Loebolivier Touron\\\/AFP via Getty Images\"},{\"@type\":\"BreadcrumbList\",\"@id\":\"http:\\\/\\\/radiovolume7.com\\\/?p=1938#breadcrumb\",\"itemListElement\":[{\"@type\":\"ListItem\",\"position\":1,\"name\":\"Accueil\",\"item\":\"https:\\\/\\\/radiovolume7.com\\\/\"},{\"@type\":\"ListItem\",\"position\":2,\"name\":\"Trump annonce que RFK Jr. explorera le lien entre vaccins et autisme comme secr\u00e9taire d&rsquo;\u00c9tat \u00e0 la Sant\u00e9.\"}]},{\"@type\":\"WebSite\",\"@id\":\"https:\\\/\\\/radiovolume7.com\\\/#website\",\"url\":\"https:\\\/\\\/radiovolume7.com\\\/\",\"name\":\"RADIO VOLUME 7\",\"description\":\"Le nouveau monde RV7 NEWS\",\"publisher\":{\"@id\":\"https:\\\/\\\/radiovolume7.com\\\/#organization\"},\"potentialAction\":[{\"@type\":\"SearchAction\",\"target\":{\"@type\":\"EntryPoint\",\"urlTemplate\":\"https:\\\/\\\/radiovolume7.com\\\/?s={search_term_string}\"},\"query-input\":{\"@type\":\"PropertyValueSpecification\",\"valueRequired\":true,\"valueName\":\"search_term_string\"}}],\"inLanguage\":\"fr-FR\"},{\"@type\":\"Organization\",\"@id\":\"https:\\\/\\\/radiovolume7.com\\\/#organization\",\"name\":\"RV7 NEWS\",\"url\":\"https:\\\/\\\/radiovolume7.com\\\/\",\"logo\":{\"@type\":\"ImageObject\",\"inLanguage\":\"fr-FR\",\"@id\":\"https:\\\/\\\/radiovolume7.com\\\/#\\\/schema\\\/logo\\\/image\\\/\",\"url\":\"http:\\\/\\\/radiovolume7.com\\\/wp-content\\\/uploads\\\/2024\\\/06\\\/RV7-NEWS-500x500-1.png\",\"contentUrl\":\"http:\\\/\\\/radiovolume7.com\\\/wp-content\\\/uploads\\\/2024\\\/06\\\/RV7-NEWS-500x500-1.png\",\"width\":500,\"height\":500,\"caption\":\"RV7 NEWS\"},\"image\":{\"@id\":\"https:\\\/\\\/radiovolume7.com\\\/#\\\/schema\\\/logo\\\/image\\\/\"},\"sameAs\":[\"https:\\\/\\\/www.facebook.com\\\/rv7news.sat\",\"https:\\\/\\\/x.com\\\/rv7_news\"]},{\"@type\":\"Person\",\"@id\":\"https:\\\/\\\/radiovolume7.com\\\/#\\\/schema\\\/person\\\/dd927c4c572fe24bc1b6739dc61c4e78\",\"name\":\"RV7\",\"image\":{\"@type\":\"ImageObject\",\"inLanguage\":\"fr-FR\",\"@id\":\"https:\\\/\\\/secure.gravatar.com\\\/avatar\\\/7c5e5078f8861520ef3df1ccf8400814a2675ee2e617efab58921c4972166788?s=96&d=mm&r=g\",\"url\":\"https:\\\/\\\/secure.gravatar.com\\\/avatar\\\/7c5e5078f8861520ef3df1ccf8400814a2675ee2e617efab58921c4972166788?s=96&d=mm&r=g\",\"contentUrl\":\"https:\\\/\\\/secure.gravatar.com\\\/avatar\\\/7c5e5078f8861520ef3df1ccf8400814a2675ee2e617efab58921c4972166788?s=96&d=mm&r=g\",\"caption\":\"RV7\"},\"sameAs\":[\"http:\\\/\\\/radiovolume7.com\"],\"url\":\"http:\\\/\\\/radiovolume7.com\\\/?author=1\"}]}<\/script>\n<!-- \/ Yoast SEO plugin. -->","yoast_head_json":{"title":"Trump annonce que RFK Jr. explorera le lien entre vaccins et autisme comme secr\u00e9taire d'\u00c9tat \u00e0 la Sant\u00e9. - RADIO VOLUME 7","description":"Le pr\u00e9sident \u00e9lu Donald Trump a d\u00e9clar\u00e9 le 8 d\u00e9cembre qu'il donnerait \u00e0 Robert F. Kennedy Jr. la libert\u00e9 d'enqu\u00eater sur le lien potentiel entre les vaccins et l'autisme si ce dernier obtient la confirmation du S\u00e9nat pour devenir secr\u00e9taire \u00e0 la Sant\u00e9 et aux Services sociaux (HHS).","robots":{"index":"index","follow":"follow","max-snippet":"max-snippet:-1","max-image-preview":"max-image-preview:large","max-video-preview":"max-video-preview:-1"},"canonical":"http:\/\/radiovolume7.com\/?p=1938","og_locale":"fr_FR","og_type":"article","og_title":"Trump annonce que RFK Jr. explorera le lien entre vaccins et autisme comme secr\u00e9taire d'\u00c9tat \u00e0 la Sant\u00e9.","og_description":"Le pr\u00e9sident \u00e9lu Donald Trump a d\u00e9clar\u00e9 le 8 d\u00e9cembre qu'il donnerait \u00e0 Robert F. Kennedy Jr. la libert\u00e9 d'enqu\u00eater sur le lien potentiel entre les vaccins et l'autisme si ce dernier obtient la confirmation du S\u00e9nat pour devenir secr\u00e9taire \u00e0 la Sant\u00e9 et aux Services sociaux (HHS).","og_url":"http:\/\/radiovolume7.com\/?p=1938","og_site_name":"RADIO VOLUME 7","article_publisher":"https:\/\/www.facebook.com\/rv7news.sat","article_published_time":"2024-12-13T19:22:59+00:00","article_modified_time":"2024-12-13T19:23:08+00:00","og_image":[{"width":1080,"height":720,"url":"http:\/\/radiovolume7.com\/wp-content\/uploads\/2024\/12\/Trump-RFK-Jr-GettyImages-2184070012-LSedit-1080x720-1.jpg","type":"image\/jpeg"}],"author":"RV7","twitter_card":"summary_large_image","twitter_title":"Trump annonce que RFK Jr. explorera le lien entre vaccins et autisme comme secr\u00e9taire d'\u00c9tat \u00e0 la Sant\u00e9.","twitter_description":"Le pr\u00e9sident \u00e9lu Donald Trump a d\u00e9clar\u00e9 le 8 d\u00e9cembre qu'il donnerait \u00e0 Robert F. Kennedy Jr. la libert\u00e9 d'enqu\u00eater sur le lien potentiel entre les vaccins et l'autisme si ce dernier obtient la confirmation du S\u00e9nat pour devenir secr\u00e9taire \u00e0 la Sant\u00e9 et aux Services sociaux (HHS).","twitter_image":"http:\/\/radiovolume7.com\/wp-content\/uploads\/2024\/12\/Trump-RFK-Jr-GettyImages-2184070012-LSedit-1080x720-1.jpg","twitter_creator":"@rv7_news","twitter_site":"@rv7_news","twitter_misc":{"\u00c9crit par":"RV7","Dur\u00e9e de lecture estim\u00e9e":"9 minutes"},"schema":{"@context":"https:\/\/schema.org","@graph":[{"@type":"Article","@id":"http:\/\/radiovolume7.com\/?p=1938#article","isPartOf":{"@id":"http:\/\/radiovolume7.com\/?p=1938"},"author":{"name":"RV7","@id":"https:\/\/radiovolume7.com\/#\/schema\/person\/dd927c4c572fe24bc1b6739dc61c4e78"},"headline":"Trump annonce que RFK Jr. explorera le lien entre vaccins et autisme comme secr\u00e9taire d&rsquo;\u00c9tat \u00e0 la Sant\u00e9.","datePublished":"2024-12-13T19:22:59+00:00","dateModified":"2024-12-13T19:23:08+00:00","mainEntityOfPage":{"@id":"http:\/\/radiovolume7.com\/?p=1938"},"wordCount":1832,"commentCount":0,"publisher":{"@id":"https:\/\/radiovolume7.com\/#organization"},"image":{"@id":"http:\/\/radiovolume7.com\/?p=1938#primaryimage"},"thumbnailUrl":"http:\/\/radiovolume7.com\/wp-content\/uploads\/2024\/12\/Trump-RFK-Jr-GettyImages-2184070012-LSedit-1080x720-1.jpg","articleSection":["Am\u00e9rique","Internationale","Sant\u00e9","Soci\u00e9t\u00e9"],"inLanguage":"fr-FR","potentialAction":[{"@type":"CommentAction","name":"Comment","target":["http:\/\/radiovolume7.com\/?p=1938#respond"]}]},{"@type":"WebPage","@id":"http:\/\/radiovolume7.com\/?p=1938","url":"http:\/\/radiovolume7.com\/?p=1938","name":"Trump annonce que RFK Jr. explorera le lien entre vaccins et autisme comme secr\u00e9taire d'\u00c9tat \u00e0 la Sant\u00e9. - RADIO VOLUME 7","isPartOf":{"@id":"https:\/\/radiovolume7.com\/#website"},"primaryImageOfPage":{"@id":"http:\/\/radiovolume7.com\/?p=1938#primaryimage"},"image":{"@id":"http:\/\/radiovolume7.com\/?p=1938#primaryimage"},"thumbnailUrl":"http:\/\/radiovolume7.com\/wp-content\/uploads\/2024\/12\/Trump-RFK-Jr-GettyImages-2184070012-LSedit-1080x720-1.jpg","datePublished":"2024-12-13T19:22:59+00:00","dateModified":"2024-12-13T19:23:08+00:00","description":"Le pr\u00e9sident \u00e9lu Donald Trump a d\u00e9clar\u00e9 le 8 d\u00e9cembre qu'il donnerait \u00e0 Robert F. Kennedy Jr. la libert\u00e9 d'enqu\u00eater sur le lien potentiel entre les vaccins et l'autisme si ce dernier obtient la confirmation du S\u00e9nat pour devenir secr\u00e9taire \u00e0 la Sant\u00e9 et aux Services sociaux (HHS).","breadcrumb":{"@id":"http:\/\/radiovolume7.com\/?p=1938#breadcrumb"},"inLanguage":"fr-FR","potentialAction":[{"@type":"ReadAction","target":["http:\/\/radiovolume7.com\/?p=1938"]}]},{"@type":"ImageObject","inLanguage":"fr-FR","@id":"http:\/\/radiovolume7.com\/?p=1938#primaryimage","url":"http:\/\/radiovolume7.com\/wp-content\/uploads\/2024\/12\/Trump-RFK-Jr-GettyImages-2184070012-LSedit-1080x720-1.jpg","contentUrl":"http:\/\/radiovolume7.com\/wp-content\/uploads\/2024\/12\/Trump-RFK-Jr-GettyImages-2184070012-LSedit-1080x720-1.jpg","width":1080,"height":720,"caption":"(\u00c0 gauche) Le pr\u00e9sident \u00e9lu Donald Trump. (\u00c0 droite) Robert F. Kennedy Jr. Trump a nomm\u00e9 le 14 novembre dernier Robert F. Kennedy au poste de secr\u00e9taire \u00e0 la Sant\u00e9 et aux Services sociaux. Saul Loebolivier Touron\/AFP via Getty Images"},{"@type":"BreadcrumbList","@id":"http:\/\/radiovolume7.com\/?p=1938#breadcrumb","itemListElement":[{"@type":"ListItem","position":1,"name":"Accueil","item":"https:\/\/radiovolume7.com\/"},{"@type":"ListItem","position":2,"name":"Trump annonce que RFK Jr. explorera le lien entre vaccins et autisme comme secr\u00e9taire d&rsquo;\u00c9tat \u00e0 la Sant\u00e9."}]},{"@type":"WebSite","@id":"https:\/\/radiovolume7.com\/#website","url":"https:\/\/radiovolume7.com\/","name":"RADIO VOLUME 7","description":"Le nouveau monde RV7 NEWS","publisher":{"@id":"https:\/\/radiovolume7.com\/#organization"},"potentialAction":[{"@type":"SearchAction","target":{"@type":"EntryPoint","urlTemplate":"https:\/\/radiovolume7.com\/?s={search_term_string}"},"query-input":{"@type":"PropertyValueSpecification","valueRequired":true,"valueName":"search_term_string"}}],"inLanguage":"fr-FR"},{"@type":"Organization","@id":"https:\/\/radiovolume7.com\/#organization","name":"RV7 NEWS","url":"https:\/\/radiovolume7.com\/","logo":{"@type":"ImageObject","inLanguage":"fr-FR","@id":"https:\/\/radiovolume7.com\/#\/schema\/logo\/image\/","url":"http:\/\/radiovolume7.com\/wp-content\/uploads\/2024\/06\/RV7-NEWS-500x500-1.png","contentUrl":"http:\/\/radiovolume7.com\/wp-content\/uploads\/2024\/06\/RV7-NEWS-500x500-1.png","width":500,"height":500,"caption":"RV7 NEWS"},"image":{"@id":"https:\/\/radiovolume7.com\/#\/schema\/logo\/image\/"},"sameAs":["https:\/\/www.facebook.com\/rv7news.sat","https:\/\/x.com\/rv7_news"]},{"@type":"Person","@id":"https:\/\/radiovolume7.com\/#\/schema\/person\/dd927c4c572fe24bc1b6739dc61c4e78","name":"RV7","image":{"@type":"ImageObject","inLanguage":"fr-FR","@id":"https:\/\/secure.gravatar.com\/avatar\/7c5e5078f8861520ef3df1ccf8400814a2675ee2e617efab58921c4972166788?s=96&d=mm&r=g","url":"https:\/\/secure.gravatar.com\/avatar\/7c5e5078f8861520ef3df1ccf8400814a2675ee2e617efab58921c4972166788?s=96&d=mm&r=g","contentUrl":"https:\/\/secure.gravatar.com\/avatar\/7c5e5078f8861520ef3df1ccf8400814a2675ee2e617efab58921c4972166788?s=96&d=mm&r=g","caption":"RV7"},"sameAs":["http:\/\/radiovolume7.com"],"url":"http:\/\/radiovolume7.com\/?author=1"}]}},"_links":{"self":[{"href":"http:\/\/radiovolume7.com\/index.php?rest_route=\/wp\/v2\/posts\/1938","targetHints":{"allow":["GET"]}}],"collection":[{"href":"http:\/\/radiovolume7.com\/index.php?rest_route=\/wp\/v2\/posts"}],"about":[{"href":"http:\/\/radiovolume7.com\/index.php?rest_route=\/wp\/v2\/types\/post"}],"author":[{"embeddable":true,"href":"http:\/\/radiovolume7.com\/index.php?rest_route=\/wp\/v2\/users\/1"}],"replies":[{"embeddable":true,"href":"http:\/\/radiovolume7.com\/index.php?rest_route=%2Fwp%2Fv2%2Fcomments&post=1938"}],"version-history":[{"count":1,"href":"http:\/\/radiovolume7.com\/index.php?rest_route=\/wp\/v2\/posts\/1938\/revisions"}],"predecessor-version":[{"id":1940,"href":"http:\/\/radiovolume7.com\/index.php?rest_route=\/wp\/v2\/posts\/1938\/revisions\/1940"}],"wp:featuredmedia":[{"embeddable":true,"href":"http:\/\/radiovolume7.com\/index.php?rest_route=\/wp\/v2\/media\/1939"}],"wp:attachment":[{"href":"http:\/\/radiovolume7.com\/index.php?rest_route=%2Fwp%2Fv2%2Fmedia&parent=1938"}],"wp:term":[{"taxonomy":"category","embeddable":true,"href":"http:\/\/radiovolume7.com\/index.php?rest_route=%2Fwp%2Fv2%2Fcategories&post=1938"},{"taxonomy":"post_tag","embeddable":true,"href":"http:\/\/radiovolume7.com\/index.php?rest_route=%2Fwp%2Fv2%2Ftags&post=1938"}],"curies":[{"name":"wp","href":"https:\/\/api.w.org\/{rel}","templated":true}]}}